{"id":254071,"date":"2025-07-17T14:11:38","date_gmt":"2025-07-17T14:11:38","guid":{"rendered":"https:\/\/www.europesays.com\/fr\/254071\/"},"modified":"2025-07-17T14:11:38","modified_gmt":"2025-07-17T14:11:38","slug":"chantepie-josefa-periane-a-fete-ses-100-ans-en-famille","status":"publish","type":"post","link":"https:\/\/www.europesays.com\/fr\/254071\/","title":{"rendered":"Chantepie. Josefa Periane a f\u00eat\u00e9 ses 100\u00a0ans en famille"},"content":{"rendered":"<p>Josefa Periane a eu 100\u00a0ans le 13\u00a0juin. Elle a c\u00e9l\u00e9br\u00e9 son anniversaire dimanche.<\/p>\n<p>Pour l\u2019occasion, cinquante\u00a0personnes, famille et amis, \u00e9taient r\u00e9unies au Kiosque.<\/p>\n<p>La centenaire avait pr\u00e9par\u00e9 un discours qu\u2019elle a lu en espagnol, sa langue maternelle. N\u00e9e en Espagne, elle y a v\u00e9cu jusqu\u2019\u00e0 ses 40\u00a0ans avant de rejoindre la France. Un autre discours r\u00e9sumant sa longue vie a \u00e9t\u00e9 lu par un de ses fils.<\/p>\n<p><strong>\u00ab<\/strong>\u00a0<strong>C\u2019est une journ\u00e9e incroyable avec beaucoup d\u2019amour, de souvenirs, de tendresse, de larmes\u2026 de joie. Un moment merveilleux qui restera grav\u00e9 longtemps dans la m\u00e9moire collective. Un v\u00e9ritable bonheur simple et partag\u00e9\u00a0\u00bb<\/strong>, ont d\u00e9clar\u00e9 les quatre enfants de Josefa<strong>.<\/strong><\/p>\n<p>\u00a0<\/p>\n","protected":false},"excerpt":{"rendered":"Josefa Periane a eu 100\u00a0ans le 13\u00a0juin. Elle a c\u00e9l\u00e9br\u00e9 son anniversaire dimanche. Pour l\u2019occasion, cinquante\u00a0personnes, famille et&hellip;\n","protected":false},"author":2,"featured_media":254072,"comment_status":"","ping_status":"","sticky":false,"template":"","format":"standard","meta":{"footnotes":""},"categories":[2821],"tags":[20747,1111,11,1764,829,12790,1777,674,652,4768,1011,27,39441,12,39442,584,25,3728],"class_list":{"0":"post-254071","1":"post","2":"type-post","3":"status-publish","4":"format-standard","5":"has-post-thumbnail","7":"category-rennes","8":"tag-20747","9":"tag-actu","10":"tag-actualites","11":"tag-ans","12":"tag-bretagne","13":"tag-chantepie","14":"tag-eu","15":"tag-europe","16":"tag-famille","17":"tag-fete","18":"tag-fr","19":"tag-france","20":"tag-josefa","21":"tag-news","22":"tag-periane","23":"tag-rennes","24":"tag-republique-francaise","25":"tag-saint-malo"},"share_on_mastodon":{"url":"https:\/\/pubeurope.com\/@fr\/114868983196475786","error":""},"_links":{"self":[{"href":"https:\/\/www.europesays.com\/fr\/wp-json\/wp\/v2\/posts\/254071","targetHints":{"allow":["GET"]}}],"collection":[{"href":"https:\/\/www.europesays.com\/fr\/wp-json\/wp\/v2\/posts"}],"about":[{"href":"https:\/\/www.europesays.com\/fr\/wp-json\/wp\/v2\/types\/post"}],"author":[{"embeddable":true,"href":"https:\/\/www.europesays.com\/fr\/wp-json\/wp\/v2\/users\/2"}],"replies":[{"embeddable":true,"href":"https:\/\/www.europesays.com\/fr\/wp-json\/wp\/v2\/comments?post=254071"}],"version-history":[{"count":0,"href":"https:\/\/www.europesays.com\/fr\/wp-json\/wp\/v2\/posts\/254071\/revisions"}],"wp:featuredmedia":[{"embeddable":true,"href":"https:\/\/www.europesays.com\/fr\/wp-json\/wp\/v2\/media\/254072"}],"wp:attachment":[{"href":"https:\/\/www.europesays.com\/fr\/wp-json\/wp\/v2\/media?parent=254071"}],"wp:term":[{"taxonomy":"category","embeddable":true,"href":"https:\/\/www.europesays.com\/fr\/wp-json\/wp\/v2\/categories?post=254071"},{"taxonomy":"post_tag","embeddable":true,"href":"https:\/\/www.europesays.com\/fr\/wp-json\/wp\/v2\/tags?post=254071"}],"curies":[{"name":"wp","href":"https:\/\/api.w.org\/{rel}","templated":true}]}}