{"id":254077,"date":"2025-07-17T14:14:14","date_gmt":"2025-07-17T14:14:14","guid":{"rendered":"https:\/\/www.europesays.com\/fr\/254077\/"},"modified":"2025-07-17T14:14:14","modified_gmt":"2025-07-17T14:14:14","slug":"strasbourg-un-medecin-menace-et-un-patient-blesse-au-couteau-dans-un-cabinet-medical-2","status":"publish","type":"post","link":"https:\/\/www.europesays.com\/fr\/254077\/","title":{"rendered":"Strasbourg. Un m\u00e9decin menac\u00e9 et un patient bless\u00e9 au couteau dans un cabinet m\u00e9dical"},"content":{"rendered":"<p>Un homme a tent\u00e9 de s&rsquo;en prendre \u00e0 une femme m\u00e9decin, dans un cabinet m\u00e9dical de Strasbourg (Bas-Rhin), relate <a href=\"https:\/\/www.dna.fr\/faits-divers-justice\/2025\/07\/17\/agression-a-l-arme-blanche-dans-un-cabinet-medical-au-neudorf\" target=\"_blank\" rel=\"noopener\">Les Derni\u00e8res Nouvelles d&rsquo;Alsace<\/a>. Les faits se sont produits mercredi, en d\u00e9but d&rsquo;apr\u00e8s-midi. Le suspect a commenc\u00e9 par \u00ab semer la pagaille\u00a0\u00bb et \u00ab\u00a0troubler la qui\u00e9tude\u00a0\u00bb des personnes qui patientaient en salle d&rsquo;attente.<\/p>\n<p>Le m\u00e9decin a alors rappel\u00e9 \u00e0 l&rsquo;ordre cet homme, et c&rsquo;est \u00e0 partir de l\u00e0 que l&rsquo;altercation a d\u00e9g\u00e9n\u00e9r\u00e9. Le suspect a tent\u00e9 de s&rsquo;en prendre \u00e0 la femme m\u00e9decin. Puis un autre patient a tent\u00e9 de s&rsquo;interposer. Finalement, le suspect a sorti un couteau et bless\u00e9 l\u00e9g\u00e8rement l&rsquo;autre malade.<\/p>\n<p>  Une plainte d\u00e9pos\u00e9e<\/p>\n<p>Une plainte a \u00e9t\u00e9 d\u00e9pos\u00e9e et une enqu\u00eate a \u00e9t\u00e9 ouverte pour \u00e9claircir les circonstances exactes de cette agression. Le cabinet m\u00e9dical a ferm\u00e9 ses portes jusqu&rsquo;\u00e0 nouvel ordre. Selon Les DNA, le suspect n&rsquo;a pas encore \u00e9t\u00e9 interpell\u00e9.<\/p>\n<p class=\"note\">&gt;&gt; Lire l&rsquo;article des <a href=\"https:\/\/www.dna.fr\/faits-divers-justice\/2025\/07\/17\/agression-a-l-arme-blanche-dans-un-cabinet-medical-au-neudorf\" target=\"_blank\" rel=\"noopener\">Derni\u00e8res Nouvelles d&rsquo;Alsace<\/a>.<\/p>\n","protected":false},"excerpt":{"rendered":"Un homme a tent\u00e9 de s&rsquo;en prendre \u00e0 une femme m\u00e9decin, dans un cabinet m\u00e9dical de Strasbourg (Bas-Rhin),&hellip;\n","protected":false},"author":2,"featured_media":253953,"comment_status":"","ping_status":"","sticky":false,"template":"","format":"standard","meta":{"footnotes":""},"categories":[2820],"tags":[1111,11,271,272,1777,674,274,107,1011,27,329,775,12,25,71,640],"class_list":{"0":"post-254077","1":"post","2":"type-post","3":"status-publish","4":"format-standard","5":"has-post-thumbnail","7":"category-strasbourg","8":"tag-actu","9":"tag-actualites","10":"tag-crime","11":"tag-delit-et-contravention","12":"tag-eu","13":"tag-europe","14":"tag-faits-divers-justice","15":"tag-fil-info","16":"tag-fr","17":"tag-france","18":"tag-france-monde","19":"tag-grand-est","20":"tag-news","21":"tag-republique-francaise","22":"tag-sante","23":"tag-strasbourg"},"share_on_mastodon":{"url":"https:\/\/pubeurope.com\/@fr\/114868994938627866","error":""},"_links":{"self":[{"href":"https:\/\/www.europesays.com\/fr\/wp-json\/wp\/v2\/posts\/254077","targetHints":{"allow":["GET"]}}],"collection":[{"href":"https:\/\/www.europesays.com\/fr\/wp-json\/wp\/v2\/posts"}],"about":[{"href":"https:\/\/www.europesays.com\/fr\/wp-json\/wp\/v2\/types\/post"}],"author":[{"embeddable":true,"href":"https:\/\/www.europesays.com\/fr\/wp-json\/wp\/v2\/users\/2"}],"replies":[{"embeddable":true,"href":"https:\/\/www.europesays.com\/fr\/wp-json\/wp\/v2\/comments?post=254077"}],"version-history":[{"count":0,"href":"https:\/\/www.europesays.com\/fr\/wp-json\/wp\/v2\/posts\/254077\/revisions"}],"wp:featuredmedia":[{"embeddable":true,"href":"https:\/\/www.europesays.com\/fr\/wp-json\/wp\/v2\/media\/253953"}],"wp:attachment":[{"href":"https:\/\/www.europesays.com\/fr\/wp-json\/wp\/v2\/media?parent=254077"}],"wp:term":[{"taxonomy":"category","embeddable":true,"href":"https:\/\/www.europesays.com\/fr\/wp-json\/wp\/v2\/categories?post=254077"},{"taxonomy":"post_tag","embeddable":true,"href":"https:\/\/www.europesays.com\/fr\/wp-json\/wp\/v2\/tags?post=254077"}],"curies":[{"name":"wp","href":"https:\/\/api.w.org\/{rel}","templated":true}]}}