{"id":254078,"date":"2025-07-17T14:15:11","date_gmt":"2025-07-17T14:15:11","guid":{"rendered":"https:\/\/www.europesays.com\/fr\/254078\/"},"modified":"2025-07-17T14:15:11","modified_gmt":"2025-07-17T14:15:11","slug":"turenne-hotellerie-cede-le-mercure-nice-centre-notre-dame","status":"publish","type":"post","link":"https:\/\/www.europesays.com\/fr\/254078\/","title":{"rendered":"Turenne H\u00f4tellerie c\u00e8de le Mercure Nice Centre Notre Dame"},"content":{"rendered":"<p>                    <img loading=\"lazy\" decoding=\"async\" src=\"https:\/\/www.europesays.com\/fr\/wp-content\/uploads\/2025\/07\/093c70d9c52ed82221c8e082f87e9e.png\" class=\"img-responsive post-image\" width=\"680\" height=\"510\" alt=\"Turenne H\u00f4tellerie c\u00e8de\" title=\"Turenne H\u00f4tellerie c\u00e8de le Mercure Nice Centre Notre Dame\"\/><\/p>\n<p class=\"chapo\">Turenne H\u00f4tellerie annonce dans un communiqu\u00e9 du 17 juillet la cession de l\u2019h\u00f4tel Mercure Nice Centre Notre Dame, \u00e9tablissement embl\u00e9matique de 198 chambres id\u00e9alement situ\u00e9 au coeur de Nice. Cette op\u00e9ration permet aux c\u00e9dants de cet actif, dont le fonds Turenne H\u00f4tellerie 2, d\u2019enregistrer une performance significative.<\/p>\n<p>Depuis son acquisition par Turenne H\u00f4tellerie, le Mercure Nice Centre Notre Dame a \u00e9t\u00e9 r\u00e9nov\u00e9 afin de moderniser l\u2019ensemble de ses espaces (chambres, salle de petit-d\u00e9jeuner, bar en rooftop, salle de fitness, r\u00e9ception) et son offre, tout en am\u00e9liorant significativement son efficacit\u00e9 \u00e9nerg\u00e9tique.<br class=\"texte\"\/><br \/>\nCes travaux ont permis \u00e0 l\u2019h\u00f4tel de r\u00e9duire sa consommation d\u2019\u00e9lectricit\u00e9 et d\u2019adopter des pratiques plus responsables dans le cadre de sa d\u00e9marche RSE.<br class=\"autobr\"\/><br \/>\nLe Mercure Nice Centre Notre Dame, qui a atteint de tr\u00e8s beaux objectifs en termes de performances \u00e9conomiques, s\u2019inscrit durablement parmi les \u00e9tablissements qualitatifs sur le march\u00e9 ni\u00e7ois et pr\u00e9sente des fondamentaux tr\u00e8s solides pour la prochaine \u00e9tape de son d\u00e9veloppement.<br class=\"autobr\"\/><br \/>\n<strong>Sarah Carbonel,<\/strong> directrice associ\u00e9e de Turenne H\u00f4tellerie, d\u00e9clare\u00a0: \u00ab\u00a0 Nous sommes particuli\u00e8rement fiers du chemin parcouru avec le Mercure Nice Centre Notre Dame que nous avons accompagn\u00e9 dans son d\u00e9veloppement\u00a0: cet h\u00f4tel a su se transformer, \u00e9voluer et s\u2019adapter \u00e0 un march\u00e9 ni\u00e7ois en constante mutation. Nous tenons \u00e0 remercier les \u00e9quipes de l\u2019h\u00f4tel pour cette collaboration.\u00a0\u00bb <strong>Iris Boulet<\/strong>, charg\u00e9e d\u2019affaires senior, ajoute\u00a0: \u00ab\u00a0La cession de cet actif s\u2019inscrit dans la strat\u00e9gie de rotation de notre portefeuille, avec la volont\u00e9 d\u2019accompagner la croissance de nouveaux \u00e9tablissements gr\u00e2ce au d\u00e9ploiement du fonds Turenne H\u00f4tellerie 3.\u00a0\u00bb<\/p>\n<p><strong>Intervenants<\/strong><br class=\"autobr\"\/><br \/>\nAvocats Corporate SVZ l G\u00e9raud de Franclieu, Cl\u00e9mence Corpet, Chaneze Benabdellaziz<br class=\"autobr\"\/><br \/>\nAvocats Fiscalistes Gate Avocats l Thomas Verdeil, C\u00e9line Raynal<br class=\"autobr\"\/><br \/>\nNotaires KL Conseil l Antony Terny, Dimitri Correia<br class=\"autobr\"\/><br \/>\nBrokers Eastdil Secured l Clara Jacquier, Emma-Lycia Gomez<\/p>\n","protected":false},"excerpt":{"rendered":"Turenne H\u00f4tellerie annonce dans un communiqu\u00e9 du 17 juillet la cession de l\u2019h\u00f4tel Mercure Nice Centre Notre Dame,&hellip;\n","protected":false},"author":2,"featured_media":254079,"comment_status":"","ping_status":"","sticky":false,"template":"","format":"standard","meta":{"footnotes":""},"categories":[2819],"tags":[1111,11,2408,1777,674,1011,27,12,2401,882,25],"class_list":{"0":"post-254078","1":"post","2":"type-post","3":"status-publish","4":"format-standard","5":"has-post-thumbnail","7":"category-nice","8":"tag-actu","9":"tag-actualites","10":"tag-appels-d","11":"tag-eu","12":"tag-europe","13":"tag-fr","14":"tag-france","15":"tag-news","16":"tag-nice","17":"tag-provence-alpes-cote-dazur","18":"tag-republique-francaise"},"share_on_mastodon":{"url":"https:\/\/pubeurope.com\/@fr\/114868998965023785","error":""},"_links":{"self":[{"href":"https:\/\/www.europesays.com\/fr\/wp-json\/wp\/v2\/posts\/254078","targetHints":{"allow":["GET"]}}],"collection":[{"href":"https:\/\/www.europesays.com\/fr\/wp-json\/wp\/v2\/posts"}],"about":[{"href":"https:\/\/www.europesays.com\/fr\/wp-json\/wp\/v2\/types\/post"}],"author":[{"embeddable":true,"href":"https:\/\/www.europesays.com\/fr\/wp-json\/wp\/v2\/users\/2"}],"replies":[{"embeddable":true,"href":"https:\/\/www.europesays.com\/fr\/wp-json\/wp\/v2\/comments?post=254078"}],"version-history":[{"count":0,"href":"https:\/\/www.europesays.com\/fr\/wp-json\/wp\/v2\/posts\/254078\/revisions"}],"wp:featuredmedia":[{"embeddable":true,"href":"https:\/\/www.europesays.com\/fr\/wp-json\/wp\/v2\/media\/254079"}],"wp:attachment":[{"href":"https:\/\/www.europesays.com\/fr\/wp-json\/wp\/v2\/media?parent=254078"}],"wp:term":[{"taxonomy":"category","embeddable":true,"href":"https:\/\/www.europesays.com\/fr\/wp-json\/wp\/v2\/categories?post=254078"},{"taxonomy":"post_tag","embeddable":true,"href":"https:\/\/www.europesays.com\/fr\/wp-json\/wp\/v2\/tags?post=254078"}],"curies":[{"name":"wp","href":"https:\/\/api.w.org\/{rel}","templated":true}]}}