{"id":254082,"date":"2025-07-17T14:17:11","date_gmt":"2025-07-17T14:17:11","guid":{"rendered":"https:\/\/www.europesays.com\/fr\/254082\/"},"modified":"2025-07-17T14:17:11","modified_gmt":"2025-07-17T14:17:11","slug":"le-ministre-des-transports-philippe-tabarot-vient-signer-a-nantes-une-convention-ferroviaire-denvergure","status":"publish","type":"post","link":"https:\/\/www.europesays.com\/fr\/254082\/","title":{"rendered":"Le ministre des Transports Philippe Tabarot vient signer \u00e0 Nantes une convention ferroviaire d\u2019envergure"},"content":{"rendered":"<p>Publi\u00e9 par Soizick David, le 17 Juillet 2025 \u00e0 14:11<\/p>\n<p itemprop=\"description\" class=\"chapo\">La signature de convention d\u2019exploitation des lignes ferroviaires Nantes-Bordeaux et Nantes-Lyon avec SNCF Voyageurs repr\u00e9sente une \u00e9tape cl\u00e9 dans le d\u00e9veloppement des lignes de trains d\u2019\u00e9quilibre du territoire (TET).<\/p>\n<p><img decoding=\"async\" src=\"https:\/\/www.europesays.com\/fr\/wp-content\/uploads\/2025\/07\/2025-07-17-le-ministre-des-transports-philippe-tabarot-vient-signer-a-nantes-une-convention-ferrovia.jpeg\" class=\"img-fluid rounded-3 mb-4\" alt=\"Le ministre des Transports Philippe Tabarot vient signer \u00e0 Nantes une convention ferroviaire d\u2019envergure\"\/><br \/>\nUn TGV en gare de Nantes \u00a9 Florian P\u00e9pellin<\/p>\n<p>Nantes accueillera ce vendredi 18 juillet 2025 une visite minist\u00e9rielle importante. <strong>Philippe Tabarot<\/strong>, ministre des Transports, vient officialiser la nouvelle convention d\u2019exploitation des lignes ferroviaires <strong>Nantes-Bordeaux<\/strong> et <strong>Nantes-Lyon<\/strong>, en compagnie de <strong>Christophe Fanichet<\/strong>, PDG de SNCF Voyageurs. Cette signature marque un tournant pour les lignes TET, con\u00e7ues pour relier les grandes villes fran\u00e7aises en dehors du r\u00e9seau TGV.<\/p>\n<p><strong>Un nouveau souffle pour les lignes TET<\/strong><\/p>\n<p>Les lignes Nantes-Bordeaux et Nantes-Lyon sont les premi\u00e8res \u00e0 avoir \u00e9t\u00e9 ouvertes \u00e0 la concurrence. Apr\u00e8s un appel d\u2019offres lanc\u00e9 en 2022, c\u2019est la soci\u00e9t\u00e9 SNCF Voyageurs Oc\u00e9an qui a \u00e9t\u00e9 retenue d\u00e9but 2025 pour exploiter ces deux axes strat\u00e9giques. La convention sign\u00e9e ce vendredi scelle cette attribution. Elle pr\u00e9voit, d\u00e8s d\u00e9cembre 2026, une am\u00e9lioration de l\u2019offre : davantage de places \u00e0 bord et un cinqui\u00e8me aller-retour quotidien sur la ligne Nantes-Bordeaux. Cette d\u00e9marche s\u2019inscrit dans la volont\u00e9 de l\u2019\u00c9tat de renforcer l\u2019accessibilit\u00e9 ferroviaire entre les territoires.<\/p>\n<p>Visite au technicentre de Nantes-Blottereau<\/p>\n<p>En marge de cette signature, Philippe Tabarot visitera le technicentre de Nantes-Blottereau. Il assistera \u00e0 une seconde signature, cette fois entre SNCF Voyageurs et le groupe NGE, pour la construction d\u2019un futur site de maintenance et de remisage des trains Oc\u00e9an. Ce projet vise \u00e0 accompagner la mont\u00e9e en puissance des lignes TET, en garantissant un haut niveau de service et de r\u00e9gularit\u00e9. Une dynamique qui devrait aussi g\u00e9n\u00e9rer de l\u2019activit\u00e9 et des emplois dans l\u2019agglom\u00e9ration nantaise.<\/p>\n","protected":false},"excerpt":{"rendered":"Publi\u00e9 par Soizick David, le 17 Juillet 2025 \u00e0 14:11 La signature de convention d\u2019exploitation des lignes ferroviaires&hellip;\n","protected":false},"author":2,"featured_media":254083,"comment_status":"","ping_status":"","sticky":false,"template":"","format":"standard","meta":{"footnotes":""},"categories":[2818],"tags":[1111,11,3723,1777,674,1011,27,1114,766,13694,12,2636,25,3213],"class_list":{"0":"post-254082","1":"post","2":"type-post","3":"status-publish","4":"format-standard","5":"has-post-thumbnail","7":"category-nantes","8":"tag-actu","9":"tag-actualites","10":"tag-actus","11":"tag-eu","12":"tag-europe","13":"tag-fr","14":"tag-france","15":"tag-infos","16":"tag-nantes","17":"tag-nazaire","18":"tag-news","19":"tag-pays-de-la-loire","20":"tag-republique-francaise","21":"tag-saint"},"share_on_mastodon":{"url":"https:\/\/pubeurope.com\/@fr\/114869006780922266","error":""},"_links":{"self":[{"href":"https:\/\/www.europesays.com\/fr\/wp-json\/wp\/v2\/posts\/254082","targetHints":{"allow":["GET"]}}],"collection":[{"href":"https:\/\/www.europesays.com\/fr\/wp-json\/wp\/v2\/posts"}],"about":[{"href":"https:\/\/www.europesays.com\/fr\/wp-json\/wp\/v2\/types\/post"}],"author":[{"embeddable":true,"href":"https:\/\/www.europesays.com\/fr\/wp-json\/wp\/v2\/users\/2"}],"replies":[{"embeddable":true,"href":"https:\/\/www.europesays.com\/fr\/wp-json\/wp\/v2\/comments?post=254082"}],"version-history":[{"count":0,"href":"https:\/\/www.europesays.com\/fr\/wp-json\/wp\/v2\/posts\/254082\/revisions"}],"wp:featuredmedia":[{"embeddable":true,"href":"https:\/\/www.europesays.com\/fr\/wp-json\/wp\/v2\/media\/254083"}],"wp:attachment":[{"href":"https:\/\/www.europesays.com\/fr\/wp-json\/wp\/v2\/media?parent=254082"}],"wp:term":[{"taxonomy":"category","embeddable":true,"href":"https:\/\/www.europesays.com\/fr\/wp-json\/wp\/v2\/categories?post=254082"},{"taxonomy":"post_tag","embeddable":true,"href":"https:\/\/www.europesays.com\/fr\/wp-json\/wp\/v2\/tags?post=254082"}],"curies":[{"name":"wp","href":"https:\/\/api.w.org\/{rel}","templated":true}]}}