{"id":254084,"date":"2025-07-17T14:18:10","date_gmt":"2025-07-17T14:18:10","guid":{"rendered":"https:\/\/www.europesays.com\/fr\/254084\/"},"modified":"2025-07-17T14:18:10","modified_gmt":"2025-07-17T14:18:10","slug":"le-neo-guingampais-adrian-ortola-encore-preserve-contre-nantes","status":"publish","type":"post","link":"https:\/\/www.europesays.com\/fr\/254084\/","title":{"rendered":"Le n\u00e9o-Guingampais Adrian Ortol\u00e0 encore pr\u00e9serv\u00e9 contre Nantes"},"content":{"rendered":"<p>Amical. EA Guingamp (L2) &#8211; FC Nantes (L1), samedi \u00e0 Plo\u00ebrmel (17\u00a0h\u00a030)<\/p>\n<p>Tout juste arriv\u00e9 pour le premier match amical, vendredi dernier face \u00e0 Avranches (2-0), <a href=\"https:\/\/www.letelegramme.fr\/sports\/football\/guingamp\/rejoindre-en-avant-guingamp-est-un-grand-tournant-dans-ma-carriere-le-nouveau-portier-adrian-ortola-veut-sinscrire-dans-la-duree-6856666.php\" target=\"_blank\" rel=\"noopener\">Adrian Ortol\u00e0<\/a> sera \u00e0 nouveau pr\u00e9serv\u00e9, ce samedi, face au FC Nantes. Priv\u00e9 de fin de saison avec l\u2019USL Dunkerque l\u2019an dernier, pour cause de mollet douloureux, le portier espagnol va de nouveau laisser sa place \u00e0 Teddy Bartouche-Selbonne et Noah Marec. \u00ab\u00a0Il n\u2019est pas loin de pouvoir rejouer mais on fait tr\u00e8s attention\u00a0\u00bb, justifie Sylvain Ripoll.<\/p>\n<p>Siwe et Sissoko incertains mais pas trop<\/p>\n<p>Jeudi matin, Adrian Ortol\u00e0 a d\u2019ailleurs particip\u00e9 pleinement au jeu sur grand terrain, en fin d\u2019entra\u00eenement, faisant valoir notamment ses qualit\u00e9s au pied. Autre joueur bien pr\u00e9sent\u00a0: <a href=\"https:\/\/footamateur.letelegramme.fr\/6856544\/a-en-avant-guingamp-un-mercato-qui-sannonce-plus-long-que-les-autres\/\" target=\"_blank\" rel=\"noopener\">Alpha Sissoko, remis de ses douleurs aux ischio-jambiers<\/a>. \u00ab\u00a0Si tout est OK, il participera \u00e0 ce match amical\u00a0\u00bb, confie l\u2019entra\u00eeneur d\u2019EAG.<\/p>\n<p>Jeudi, le seul absent \u00e9tait Jacques Siwe qui se plaignait du dos et est rest\u00e9 travailler en salle. Mais lui aussi devrait fouler la pelouse du Stade Patrick Caillaud de Plo\u00ebrmel. En face, le FC Nantes de Luis Castro (l\u2019ancien entra\u00eeneur dunkerquois) reste lui aussi sur un premier succ\u00e8s, samedi 12 juillet contre Laval (2-0).<\/p>\n","protected":false},"excerpt":{"rendered":"Amical. EA Guingamp (L2) &#8211; FC Nantes (L1), samedi \u00e0 Plo\u00ebrmel (17\u00a0h\u00a030) Tout juste arriv\u00e9 pour le premier&hellip;\n","protected":false},"author":2,"featured_media":254085,"comment_status":"","ping_status":"","sticky":false,"template":"","format":"standard","meta":{"footnotes":""},"categories":[2818],"tags":[1111,11,9594,3166,1777,674,63,1011,27,4044,446,766,12,2636,25,60],"class_list":{"0":"post-254084","1":"post","2":"type-post","3":"status-publish","4":"format-standard","5":"has-post-thumbnail","7":"category-nantes","8":"tag-actu","9":"tag-actualites","10":"tag-en-avant-guingamp","11":"tag-en-continu-sports","12":"tag-eu","13":"tag-europe","14":"tag-football","15":"tag-fr","16":"tag-france","17":"tag-guingamp","18":"tag-ligue-2","19":"tag-nantes","20":"tag-news","21":"tag-pays-de-la-loire","22":"tag-republique-francaise","23":"tag-sports"},"share_on_mastodon":{"url":"https:\/\/pubeurope.com\/@fr\/114869010677896422","error":""},"_links":{"self":[{"href":"https:\/\/www.europesays.com\/fr\/wp-json\/wp\/v2\/posts\/254084","targetHints":{"allow":["GET"]}}],"collection":[{"href":"https:\/\/www.europesays.com\/fr\/wp-json\/wp\/v2\/posts"}],"about":[{"href":"https:\/\/www.europesays.com\/fr\/wp-json\/wp\/v2\/types\/post"}],"author":[{"embeddable":true,"href":"https:\/\/www.europesays.com\/fr\/wp-json\/wp\/v2\/users\/2"}],"replies":[{"embeddable":true,"href":"https:\/\/www.europesays.com\/fr\/wp-json\/wp\/v2\/comments?post=254084"}],"version-history":[{"count":0,"href":"https:\/\/www.europesays.com\/fr\/wp-json\/wp\/v2\/posts\/254084\/revisions"}],"wp:featuredmedia":[{"embeddable":true,"href":"https:\/\/www.europesays.com\/fr\/wp-json\/wp\/v2\/media\/254085"}],"wp:attachment":[{"href":"https:\/\/www.europesays.com\/fr\/wp-json\/wp\/v2\/media?parent=254084"}],"wp:term":[{"taxonomy":"category","embeddable":true,"href":"https:\/\/www.europesays.com\/fr\/wp-json\/wp\/v2\/categories?post=254084"},{"taxonomy":"post_tag","embeddable":true,"href":"https:\/\/www.europesays.com\/fr\/wp-json\/wp\/v2\/tags?post=254084"}],"curies":[{"name":"wp","href":"https:\/\/api.w.org\/{rel}","templated":true}]}}