{"id":254096,"date":"2025-07-17T14:24:11","date_gmt":"2025-07-17T14:24:11","guid":{"rendered":"https:\/\/www.europesays.com\/fr\/254096\/"},"modified":"2025-07-17T14:24:11","modified_gmt":"2025-07-17T14:24:11","slug":"decouvrez-le-parc-de-la-charite-actualites","status":"publish","type":"post","link":"https:\/\/www.europesays.com\/fr\/254096\/","title":{"rendered":"D\u00e9couvrez le parc de la Charit\u00e9 \/ Actualit\u00e9s"},"content":{"rendered":"<p>La cr\u00e9ation d\u2019un jardin public de\u00a06.000 m\u00e8tres carr\u00e9s,\u00a0dans l\u2019ancien parc de la communaut\u00e9 des Filles de la Charit\u00e9 de Saint-Vincent de Paul,\u00a0rachet\u00e9 par la Ville, au 7 impasse St-Joseph (quartier Vauban-Esquermes), offre aux habitants un environnement naturel en ad\u00e9quation avec les objectifs de la Ville de Lille de faire une ville bas-carbone, plus durable et apais\u00e9e.\u00a0<\/p>\n<p><strong>C&rsquo;est l\u2019histoire d\u2019un jardin priv\u00e9 devenu public.<\/strong> Ici, rue de Canteleu, vivait l\u2019ancienne communaut\u00e9 des Filles de la Charit\u00e9 de Saint-Vincent de Paul (lire en bas de page). Si une maison accueille toujours des s\u0153urs \u00e0 la retraite, <strong>une partie du parc de l\u2019ancien couvent a \u00e9t\u00e9 rachet\u00e9e par la Ville<\/strong>. Avec un <strong>objectif<\/strong> bien pr\u00e9cis :<strong>\u00a0y cr\u00e9er un nouveau jardin ouvert \u00e0 tous : le parc de la Charit\u00e9 !<\/strong>\u00a0Les travaux de requalification ont \u00e9t\u00e9 pr\u00e9sent\u00e9s fin 2024 aux habitants et le chantier s&rsquo;est achev\u00e9 en juillet 2025.<\/p>\n<p>Les arbres, dont certains remarquables, d\u00e9j\u00e0 sur site, ont \u00e9t\u00e9 prot\u00e9g\u00e9s. Vingt arbres suppl\u00e9mentaires et plus de 480 m2 de massifs ont \u00e9t\u00e9 plant\u00e9s.<\/p>\n<p>Ajoutons \u00e0 cela l\u2019installation de bancs, de tables de pique-nique, d&rsquo;arceaux v\u00e9los, d\u2019une borne-fontaine et d\u2019une cabane. Pour favoriser la biodiversit\u00e9, une mare et une r\u00e9serve de protection ont \u00e9galement vu le jour.<\/p>\n<p>L\u2019impasse Saint-Joseph, par laquelle l\u2019acc\u00e8s au nouveau jardin se fait, a \u00e9t\u00e9 r\u00e9nov\u00e9e et v\u00e9g\u00e9talis\u00e9e.<\/p>\n<ul>\n<li style=\"background-image: url(\" data-galerie-slide=\"\">\n\t\t\t\t\t\t\t\t\t\t\tNouveau parc de la Charit\u00e9, Vauban-Esquermes<\/p>\n<\/li>\n<li style=\"background-image: url(\" data-galerie-slide=\"\">\n\t\t\t\t\t\t\t\t\t\t\tNouveau parc de la Charit\u00e9, Vauban-Esquermes<\/p>\n<\/li>\n<li style=\"background-image: url(\" data-galerie-slide=\"\">\n\t\t\t\t\t\t\t\t\t\t\tNouveau parc de la Charit\u00e9, Vauban-Esquermes<\/p>\n<\/li>\n<li style=\"background-image: url(\" data-galerie-slide=\"\">\n\t\t\t\t\t\t\t\t\t\t\tNouveau parc de la Charit\u00e9, Vauban-Esquermes<\/p>\n<\/li>\n<li style=\"background-image: url(\" data-galerie-slide=\"\">\n\t\t\t\t\t\t\t\t\t\t\tNouveau parc de la Charit\u00e9, Vauban-Esquermes<\/p>\n<\/li>\n<li style=\"background-image: url(\" data-galerie-slide=\"\">\n\t\t\t\t\t\t\t\t\t\t\tNouveau parc de la Charit\u00e9, Vauban-Esquermes<\/p>\n<\/li>\n<li style=\"background-image: url(\" data-galerie-slide=\"\">\n\t\t\t\t\t\t\t\t\t\t\tNouveau parc de la Charit\u00e9, Vauban-Esquermes<\/p>\n<\/li>\n<li style=\"background-image: url(\" data-galerie-slide=\"\">\n\t\t\t\t\t\t\t\t\t\t\tNouveau parc de la Charit\u00e9, Vauban-Esquermes<\/p>\n<\/li>\n<li style=\"background-image: url(\" data-galerie-slide=\"\">\n\t\t\t\t\t\t\t\t\t\t\tNouveau parc de la Charit\u00e9, Vauban-Esquermes<\/p>\n<\/li>\n<\/ul>\n<p>Une nouvelle impasse Saint-Joseph<\/p>\n<p>L\u2019am\u00e9nagement de l\u2019impasse Saint-Joseph et de la rue Concorde offre aux\u00a0habitants une <strong>liaison pi\u00e9tonne entre la rue Canteleu, le futur parc public et\u00a0le square de la Houblonni\u00e8re<\/strong>.<\/p>\n<p><strong>Objectifs :<\/strong><\/p>\n<ul class=\"listPuce\">\n<li>Apaiser l\u2019impasse avec la mise en place d\u2019un statut de zone de rencontre<\/li>\n<li>Cr\u00e9er une all\u00e9e-jardin et donner au v\u00e9g\u00e9tal une place importante (110 ml\u00a0de pied de fa\u00e7ades v\u00e9g\u00e9talis\u00e9s \u2013 300m2 de massifs cr\u00e9\u00e9s)<\/li>\n<li>Organiser le stationnement et assurer le passage et la giration en fond d\u2019impasse du v\u00e9hicule de collecte des d\u00e9chets (23 places de stationnement\u00a0conserv\u00e9es)<\/li>\n<li>Renforcer l\u2019infiltration des eaux pluviales (55% des\u00a0surfaces infiltr\u00e9es).<\/li>\n<\/ul>\n<p>            <img src-full=\"\/var\/www\/storage\/images\/mediatheque\/mairie-de-lille\/actualites\/images\/2025\/fevrier\/impasse-saint-joseph-perspective\/3678437-1-fre-FR\/Impasse-Saint-Joseph-perspective.jpg\" data-caption-full=\"Impasse Saint Joseph : perspective\" width=\"320\" height=\"203\" alt=\"Impasse Saint Joseph : perspective\" title=\"Impasse Saint Joseph : perspective\" class=\"align-\"\/><br \/>\n    \u00a0            <img src-full=\"\/var\/www\/storage\/images\/mediatheque\/mairie-de-lille\/actualites\/images\/2025\/fevrier\/impasse-saint-joseph-perspective2\/3678441-2-fre-FR\/Impasse-Saint-Joseph-perspective.jpg\" data-caption-full=\"Impasse Saint Joseph : perspective.\" width=\"320\" height=\"187\" alt=\"Impasse Saint Joseph : perspective\" title=\"Impasse Saint Joseph : perspective\" class=\"align-\"\/>\n    <\/p>\n<p>Histoire du parc&#8230;<\/p>\n<p>Jusqu\u2019\u00e0 la fin du 18e si\u00e8cle, <strong>le site <\/strong>semble surtout d\u00e9volu \u00e0 l\u2019agriculture. Il <strong>est achet\u00e9 par l\u2019industriel Barth\u00e9l\u00e9my Cr\u00e9py, qui y b\u00e2tit une belle demeure entre cour et jardin<\/strong>. Au fil des ann\u00e9es, ses descendants profitent de la vente des terrains adjacents pour agrandir la propri\u00e9t\u00e9, en la dotant d\u2019un vaste espace vert, de serres, de nouveaux pavillons d\u2019entr\u00e9e.\u200b<\/p>\n<p><strong>En 1926, le bien passe entre les mains de la Congr\u00e9gation Notre-Dame du C\u00e9nacle<\/strong>. Celle-ci a constitu\u00e9 une association en 1925 appel\u00e9e l\u2019Oasis, pour assurer des \u00ab\u00a0\u0153uvres d&rsquo;\u00e9ducation populaire, de moralisation, de pr\u00e9servation et assistance morale et mat\u00e9rielle des femmes, des jeunes filles et des enfants\u00a0\u00bb. Elle r\u00e9alise une premi\u00e8re campagne de travaux dans les ann\u00e9es 1920, puis apr\u00e8s-guerre.\u200b<\/p>\n<p><strong>En 1970, la propri\u00e9t\u00e9 est vendue \u00e0 la Compagnie des Filles de la Charit\u00e9 de Saint-Vincent-de-Paul<\/strong>, qui engage des travaux d\u2019extension dans les ann\u00e9es 1980-1990 et construit une maison de retraite \u00e0 destination des s\u0153urs \u00e2g\u00e9es de la Congr\u00e9gation.<\/p>\n<p><strong>En 2011, les s\u0153urs quittent le couvent, <\/strong>mettant un terme \u00e0 la fonction religieuse du site et le lieu accueille temporairement des \u00e9tudiants. En 2022, le site conna\u00eet une nouvelle vie gr\u00e2ce \u00e0 un projet de r\u00e9habilitation des b\u00e2timents principaux, transform\u00e9s en habitations au sein de l\u2019op\u00e9ration \u00ab\u00a0Clos de l\u2019Arbonnoise\u00a0\u00bb. La communaut\u00e9 religieuse reste pr\u00e9sente au sein de la maison de retraite qui est maintenue.\u200b<\/p>\n<p>En \u00e9vocation du pass\u00e9 religieux de ce site, un <strong>Jardin des Simples <\/strong>(Hortus simplicium) est am\u00e9nag\u00e9 dans le parc le long de l\u2019ancien couvent. Construit en damier, il abrite des plantes condimentaires, aromatiques et m\u00e9dicinales, d\u2019o\u00f9 les monast\u00e8res tiraient, pendant des si\u00e8cles, les principes actifs curatifs permettant la confection de m\u00e9dicaments.\u200b<\/p>\n","protected":false},"excerpt":{"rendered":"La cr\u00e9ation d\u2019un jardin public de\u00a06.000 m\u00e8tres carr\u00e9s,\u00a0dans l\u2019ancien parc de la communaut\u00e9 des Filles de la Charit\u00e9&hellip;\n","protected":false},"author":2,"featured_media":254097,"comment_status":"","ping_status":"","sticky":false,"template":"","format":"standard","meta":{"footnotes":""},"categories":[2815],"tags":[1111,11,4763,1777,674,1011,27,811,1307,5415,12,25],"class_list":{"0":"post-254096","1":"post","2":"type-post","3":"status-publish","4":"format-standard","5":"has-post-thumbnail","7":"category-lille","8":"tag-actu","9":"tag-actualites","10":"tag-agenda","11":"tag-eu","12":"tag-europe","13":"tag-fr","14":"tag-france","15":"tag-hauts-de-france","16":"tag-lille","17":"tag-mairie","18":"tag-news","19":"tag-republique-francaise"},"share_on_mastodon":{"url":"https:\/\/pubeurope.com\/@fr\/114869034264010372","error":""},"_links":{"self":[{"href":"https:\/\/www.europesays.com\/fr\/wp-json\/wp\/v2\/posts\/254096","targetHints":{"allow":["GET"]}}],"collection":[{"href":"https:\/\/www.europesays.com\/fr\/wp-json\/wp\/v2\/posts"}],"about":[{"href":"https:\/\/www.europesays.com\/fr\/wp-json\/wp\/v2\/types\/post"}],"author":[{"embeddable":true,"href":"https:\/\/www.europesays.com\/fr\/wp-json\/wp\/v2\/users\/2"}],"replies":[{"embeddable":true,"href":"https:\/\/www.europesays.com\/fr\/wp-json\/wp\/v2\/comments?post=254096"}],"version-history":[{"count":0,"href":"https:\/\/www.europesays.com\/fr\/wp-json\/wp\/v2\/posts\/254096\/revisions"}],"wp:featuredmedia":[{"embeddable":true,"href":"https:\/\/www.europesays.com\/fr\/wp-json\/wp\/v2\/media\/254097"}],"wp:attachment":[{"href":"https:\/\/www.europesays.com\/fr\/wp-json\/wp\/v2\/media?parent=254096"}],"wp:term":[{"taxonomy":"category","embeddable":true,"href":"https:\/\/www.europesays.com\/fr\/wp-json\/wp\/v2\/categories?post=254096"},{"taxonomy":"post_tag","embeddable":true,"href":"https:\/\/www.europesays.com\/fr\/wp-json\/wp\/v2\/tags?post=254096"}],"curies":[{"name":"wp","href":"https:\/\/api.w.org\/{rel}","templated":true}]}}