{"id":254102,"date":"2025-07-17T14:27:09","date_gmt":"2025-07-17T14:27:09","guid":{"rendered":"https:\/\/www.europesays.com\/fr\/254102\/"},"modified":"2025-07-17T14:27:09","modified_gmt":"2025-07-17T14:27:09","slug":"volotea-ouvre-une-nouvelle-ligne-vers-le-danemark-au-depart-de-lyon","status":"publish","type":"post","link":"https:\/\/www.europesays.com\/fr\/254102\/","title":{"rendered":"Volotea ouvre une nouvelle ligne vers le Danemark au d\u00e9part de Lyon"},"content":{"rendered":"<p>                            <img loading=\"lazy\" width=\"1180\" height=\"738\" class=\"attachment-article size-article wp-post-image lazyload\" alt=\"\" decoding=\"async\" src=\"https:\/\/www.europesays.com\/fr\/wp-content\/uploads\/2025\/07\/Photo-VOE-e1752752834967.jpg\" data-eio-rwidth=\"1180\" data-eio-rheight=\"738\"\/><\/p>\n<p>Volotea ouvre un ligne vers le Danemark depuis Lyon. (@Marc Glen)<\/p>\n<p class=\"content\" style=\"font-size:1.2em;font-weight:700\">D\u00e8s janvier 2026, il sera possible de rejoindre depuis Lyon la ville de Billund au Danemark, berceau des LEGO. <\/p>\n<p>La compagnie a\u00e9rienne low-cost espagnole continue d&rsquo;\u00e9toffer son offre depuis l&rsquo;a\u00e9roport de Lyon Saint-Exup\u00e9ry. Volotea a annonc\u00e9 ce jeudi l&rsquo;ouverture d&rsquo;une nouvelle ligne a\u00e9rienne vers Billund, une ville situ\u00e9e en plein centre du Danemark. La compagnie espagnole porte d\u00e9sormais le nombre de pays qu&rsquo;elle dessert depuis Lyon \u00e0 onze, avec 34 destinations au total. La ligne ouvrira le 10 janvier 2026 avec un vol par semaine le samedi. <\/p>\n<p>D\u00e8s 123 \u20ac l&rsquo;aller-retour<\/p>\n<p>Billund est une petite ville d&rsquo;environ 7 000 habitants principalement connue pour \u00eatre le lieu de naissance du groupe LEGO. Les visiteurs pourront ainsi d\u00e9couvrir le parc LEGOLAND de la ville ainsi que le mus\u00e9e LEGO. \u00ab\u00a0Cette destination danoise est \u00e9galement id\u00e9ale pour visiter les environs, comme Jelling, l&rsquo;un des sites historiques les plus importants du pays, le fjord de Vejle, ou encore Naturpark Lilleb\u00e6lt, le plus grand parc naturel marin du Danemark\u00a0\u00bb, pr\u00e9cise Volotea.<\/p>\n<p>La compagnie a\u00e9rienne proposera plus de\u00a03 500 si\u00e8ges<strong>\u00a0<\/strong>sur cette liaison qui est d\u00e9j\u00e0 disponible \u00e0 la vente sur son site. L&rsquo;aller-retour est disponible d\u00e8s 123 \u20ac pour les non-abonn\u00e9s aux diff\u00e9rentes offres de la compagnie. <\/p>\n","protected":false},"excerpt":{"rendered":"Volotea ouvre un ligne vers le Danemark depuis Lyon. (@Marc Glen) D\u00e8s janvier 2026, il sera possible de&hellip;\n","protected":false},"author":2,"featured_media":254103,"comment_status":"","ping_status":"","sticky":false,"template":"","format":"standard","meta":{"footnotes":""},"categories":[1889],"tags":[1111,11,2430,1777,674,1011,27,2428,12,25],"class_list":{"0":"post-254102","1":"post","2":"type-post","3":"status-publish","4":"format-standard","5":"has-post-thumbnail","7":"category-lyon","8":"tag-actu","9":"tag-actualites","10":"tag-auvergne-rhone-alpes","11":"tag-eu","12":"tag-europe","13":"tag-fr","14":"tag-france","15":"tag-lyon","16":"tag-news","17":"tag-republique-francaise"},"share_on_mastodon":{"url":"https:\/\/pubeurope.com\/@fr\/114869046134802901","error":""},"_links":{"self":[{"href":"https:\/\/www.europesays.com\/fr\/wp-json\/wp\/v2\/posts\/254102","targetHints":{"allow":["GET"]}}],"collection":[{"href":"https:\/\/www.europesays.com\/fr\/wp-json\/wp\/v2\/posts"}],"about":[{"href":"https:\/\/www.europesays.com\/fr\/wp-json\/wp\/v2\/types\/post"}],"author":[{"embeddable":true,"href":"https:\/\/www.europesays.com\/fr\/wp-json\/wp\/v2\/users\/2"}],"replies":[{"embeddable":true,"href":"https:\/\/www.europesays.com\/fr\/wp-json\/wp\/v2\/comments?post=254102"}],"version-history":[{"count":0,"href":"https:\/\/www.europesays.com\/fr\/wp-json\/wp\/v2\/posts\/254102\/revisions"}],"wp:featuredmedia":[{"embeddable":true,"href":"https:\/\/www.europesays.com\/fr\/wp-json\/wp\/v2\/media\/254103"}],"wp:attachment":[{"href":"https:\/\/www.europesays.com\/fr\/wp-json\/wp\/v2\/media?parent=254102"}],"wp:term":[{"taxonomy":"category","embeddable":true,"href":"https:\/\/www.europesays.com\/fr\/wp-json\/wp\/v2\/categories?post=254102"},{"taxonomy":"post_tag","embeddable":true,"href":"https:\/\/www.europesays.com\/fr\/wp-json\/wp\/v2\/tags?post=254102"}],"curies":[{"name":"wp","href":"https:\/\/api.w.org\/{rel}","templated":true}]}}