{"id":254104,"date":"2025-07-17T14:28:10","date_gmt":"2025-07-17T14:28:10","guid":{"rendered":"https:\/\/www.europesays.com\/fr\/254104\/"},"modified":"2025-07-17T14:28:10","modified_gmt":"2025-07-17T14:28:10","slug":"la-mairie-durcit-le-ton","status":"publish","type":"post","link":"https:\/\/www.europesays.com\/fr\/254104\/","title":{"rendered":"la mairie durcit le ton"},"content":{"rendered":"<p>            Par<br \/>\n        <strong><br \/>\n            <a href=\"https:\/\/actu.fr\/auteur\/theophile-blondet\" title=\"Consulter tous les articles de Theophile Blondet\" rel=\"nofollow noopener\" target=\"_blank\">Theophile Blondet<\/a><br \/>\n        <\/strong><\/p>\n<p>        Publi\u00e9 le<\/p>\n<p>            17 juil. 2025 \u00e0 16h16        <\/p>\n<p>Gr\u00e9gory Doucet serre la vis contre le camping sauvage. Le maire de <a href=\"https:\/\/actu.fr\/lyon\/\" rel=\"nofollow noopener\" target=\"_blank\">Lyon<\/a> et sa municipalit\u00e9 ont d\u00e9cid\u00e9 de limiter le camping sauvage dans trois arrondissements de la capitale des Gaules par un arr\u00eat\u00e9 municipal.<\/p>\n<p class=\" wall-content\"><strong>Les 7e, 8e et 9e<\/strong> arrondissements sont concern\u00e9s par cette mesure.<\/p>\n<p>\u00ab\u00a0R\u00e9tablir la tranquillit\u00e9 publique\u00a0\u00bb<\/p>\n<p class=\" wall-content\">La mairie \u00e9cologiste a donc d\u00e9cid\u00e9 d\u2019une telle mesure \u00ab\u00a0afin de r\u00e9tablir le bon ordre, la tranquillit\u00e9 et la salubrit\u00e9 publique dans le secteur concern\u00e9\u00a0\u00bb.<\/p>\n<p class=\" wall-content\">Le dit arr\u00eat\u00e9 <strong>interdit \u00ab\u00a0le stationnement prolong\u00e9<\/strong> de v\u00e9hicules am\u00e9nag\u00e9s au-del\u00e0 de 24h\u00a0\u00bb sur le territoire de la Ville de Lyon.<\/p>\n<p class=\" wall-content\">Des d\u00e9sagr\u00e9ments li\u00e9s au camping sauvage avaient ainsi \u00e9t\u00e9 remarqu\u00e9s dans le 7e arrondissement dans le secteur des rues Lortet, <a href=\"https:\/\/actu.fr\/tag\/gerland\" rel=\"nofollow noopener\" target=\"_blank\">Gerland<\/a>, Crepet et du boulevard Yves-Farge.<\/p>\n<p class=\" wall-content\">Pour le 8e arrondissement, le m\u00eame constat a \u00e9t\u00e9 fait dans les rues Laennec, le boulevard Pinel, l\u2019avenue Viviani, la rue Francis-de-Pressens\u00e9, rue Paul-Cazeneuve, Jean-Mermoz et le boulevard Ambroise-Par\u00e9.<\/p>\n<p>Vid\u00e9os : en ce moment sur Actu<\/p>\n<p class=\" wall-content\">Le secteur concern\u00e9 dans le 9e arrondissement \u00e9tait celui des rues Barth\u00e9l\u00e9my-Buyer, le quai Arloing, entre le pont Koenig et le pont Georges Clemenceau, la rue Saint-Pierre-de-Vaise, la rue Sergent Michel-Berthet, rue Cottin, la place Alfred de Vanderpol et le boulevard <a href=\"https:\/\/actu.fr\/auvergne-rhone-alpes\/colombier-saugnieu_69299\/aeroport-de-lyon-volotea-ouvre-une-ligne-vers-une-destination-etonnante-des-53-euros_62922248.html\" rel=\"nofollow noopener\" target=\"_blank\">Saint-Exup\u00e9ry<\/a>.<\/p>\n<p>Les \u00ab\u00a0dol\u00e9ances\u00a0\u00bb des habitants prise en compte<\/p>\n<p class=\" wall-content\">L\u2019arr\u00eat\u00e9 met en lumi\u00e8re \u00ab\u00a0les dol\u00e9ances r\u00e9currentes\u00a0\u00bb des habitants de ces secteurs.\u00a0<\/p>\n<p class=\" wall-content\">La mairie de Lyon rappelle dans son arr\u00eat\u00e9 qu\u2019il existe des lieux qui accueillent des camping-cars autour de la capitale des Gaules, notamment le <a href=\"https:\/\/actu.fr\/auvergne-rhone-alpes\/dardilly_69072\/ce-camping-de-lyon-connait-un-succes-dingue-au-bord-de-la-m6_59882747.html\" rel=\"nofollow noopener\" target=\"_blank\">camping de Lyon<\/a> ou encore d\u2019autres aires d\u2019accueil.\u00a0<\/p>\n<p class=\" wall-content\">Cet arr\u00eat\u00e9 a pris effet depuis le 8 juillet dernier.\u00a0<\/p>\n<p class=\" wall-content\">Suivez toute l\u2019actualit\u00e9 de vos villes et m\u00e9dias favoris en vous inscrivant \u00e0 <a href=\"https:\/\/moncompte.actu.fr\" title=\"D\u00e9couvez Mon Actu\" rel=\"nofollow noopener\" data-trk=\"{&quot;cta&quot;:{&quot;action&quot;:&quot;https:\\\/\\\/moncompte.actu.fr&quot;,&quot;category&quot;:&quot;mon compte&quot;,&quot;from&quot;:&quot;article footer&quot;,&quot;name&quot;:&quot;Mon actu&quot;,&quot;type&quot;:&quot;cta&quot;}}\" target=\"_blank\">Mon Actu<\/a>.<\/p>\n","protected":false},"excerpt":{"rendered":"Par Theophile Blondet Publi\u00e9 le 17 juil. 2025 \u00e0 16h16 Gr\u00e9gory Doucet serre la vis contre le camping&hellip;\n","protected":false},"author":2,"featured_media":254105,"comment_status":"","ping_status":"","sticky":false,"template":"","format":"standard","meta":{"footnotes":""},"categories":[1889],"tags":[1111,11,2430,24692,1777,674,1011,27,2428,12,1072,25,104],"class_list":{"0":"post-254104","1":"post","2":"type-post","3":"status-publish","4":"format-standard","5":"has-post-thumbnail","7":"category-lyon","8":"tag-actu","9":"tag-actualites","10":"tag-auvergne-rhone-alpes","11":"tag-camping","12":"tag-eu","13":"tag-europe","14":"tag-fr","15":"tag-france","16":"tag-lyon","17":"tag-news","18":"tag-police","19":"tag-republique-francaise","20":"tag-societe"},"share_on_mastodon":{"url":"https:\/\/pubeurope.com\/@fr\/114869050013056170","error":""},"_links":{"self":[{"href":"https:\/\/www.europesays.com\/fr\/wp-json\/wp\/v2\/posts\/254104","targetHints":{"allow":["GET"]}}],"collection":[{"href":"https:\/\/www.europesays.com\/fr\/wp-json\/wp\/v2\/posts"}],"about":[{"href":"https:\/\/www.europesays.com\/fr\/wp-json\/wp\/v2\/types\/post"}],"author":[{"embeddable":true,"href":"https:\/\/www.europesays.com\/fr\/wp-json\/wp\/v2\/users\/2"}],"replies":[{"embeddable":true,"href":"https:\/\/www.europesays.com\/fr\/wp-json\/wp\/v2\/comments?post=254104"}],"version-history":[{"count":0,"href":"https:\/\/www.europesays.com\/fr\/wp-json\/wp\/v2\/posts\/254104\/revisions"}],"wp:featuredmedia":[{"embeddable":true,"href":"https:\/\/www.europesays.com\/fr\/wp-json\/wp\/v2\/media\/254105"}],"wp:attachment":[{"href":"https:\/\/www.europesays.com\/fr\/wp-json\/wp\/v2\/media?parent=254104"}],"wp:term":[{"taxonomy":"category","embeddable":true,"href":"https:\/\/www.europesays.com\/fr\/wp-json\/wp\/v2\/categories?post=254104"},{"taxonomy":"post_tag","embeddable":true,"href":"https:\/\/www.europesays.com\/fr\/wp-json\/wp\/v2\/tags?post=254104"}],"curies":[{"name":"wp","href":"https:\/\/api.w.org\/{rel}","templated":true}]}}