{"id":254108,"date":"2025-07-17T14:30:16","date_gmt":"2025-07-17T14:30:16","guid":{"rendered":"https:\/\/www.europesays.com\/fr\/254108\/"},"modified":"2025-07-17T14:30:16","modified_gmt":"2025-07-17T14:30:16","slug":"une-candidate-de-miss-ile-de-france-victime-dun-petit-accident-lors-de-son-week-end-dintegration","status":"publish","type":"post","link":"https:\/\/www.europesays.com\/fr\/254108\/","title":{"rendered":"Une candidate de Miss \u00cele-de-France victime d&rsquo;un petit accident lors de son week-end d&rsquo;int\u00e9gration"},"content":{"rendered":"<p>Si certaines r\u00e9gions connaissent d\u00e9j\u00e0 leurs repr\u00e9sentantes pour l&rsquo;\u00e9lection de Miss France 2026 qui se tiendra en d\u00e9cembre prochain, l&rsquo;\u00cele-de-France n&rsquo;a pas encore d\u00e9sign\u00e9 celle qui l&rsquo;honorera. Et alors que le week-end d&rsquo;int\u00e9gration entre les Miss d\u00e9partementales a eu lieu, la femme \u00e9lue dans le d\u00e9partement de l&rsquo;Essonne a \u00e9t\u00e9 victime d&rsquo;un petit accident lors d&rsquo;une sortie de loisirs.<\/p>\n<p>La date pr\u00e9cise de l&rsquo;\u00e9lection de <a href=\"https:\/\/www.programme-tv.net\/news\/evenement\/miss-france-miss-france\/380585-miss-france-2026-quand-ont-lieu-les-elections-regionales-voici-le-calendrier-des-dates\/\" data-api-deeplink=\"teleloisirs:\/\/news\/380585\" rel=\"nofollow noopener\" target=\"_blank\">Miss France 2026<\/a> n&rsquo;est pas encore connue, mais le mois de d\u00e9cembre o\u00f9 elle se tient traditionnellement approche. <a href=\"https:\/\/www.programme-tv.net\/news\/evenement\/miss-france-miss-france\/383064-miss-france-2026-julie-decroix-elue-miss-alsace-2025-est-victime-de-racisme-une-enquete-a-ete-ouverte\/\" data-api-deeplink=\"teleloisirs:\/\/news\/383064\" rel=\"nofollow noopener\" target=\"_blank\">Certaines r\u00e9gions comme l&rsquo;Alsace<\/a>, la <a href=\"https:\/\/www.programme-tv.net\/news\/evenement\/miss-france-miss-france\/383265-miss-france-2026-qui-est-alicia-mertosetiko-elue-miss-guyane-2025\/\" data-api-deeplink=\"teleloisirs:\/\/news\/383265\" rel=\"nofollow noopener\" target=\"_blank\">Guyane<\/a>, l&rsquo;<a href=\"https:\/\/www.programme-tv.net\/news\/evenement\/miss-france-miss-france\/382723-miss-france-2026-qui-est-alice-de-lima-guimaraes-elue-miss-auvergne-2025\/\" data-api-deeplink=\"teleloisirs:\/\/news\/382723\" rel=\"nofollow noopener\" target=\"_blank\">Auvergne <\/a>ou le <a href=\"https:\/\/www.programme-tv.net\/news\/evenement\/miss-france-miss-france\/382751-miss-france-2026-qui-est-anna-valero-elue-miss-centre-val-de-loire-2025\/\" data-api-deeplink=\"teleloisirs:\/\/news\/382751\" rel=\"nofollow noopener\" target=\"_blank\">Centre Val-de Loire<\/a> ont d\u00e9j\u00e0 sacr\u00e9 celles qui les repr\u00e9senteront lors de la grande soir\u00e9e de fin d&rsquo;ann\u00e9e. Ce n&rsquo;est pas encore le cas de l&rsquo;\u00cele-de-France dont l&rsquo;\u00e9lection se d\u00e9roulera le 20 septembre prochain \u00e0 Dammarie-les-Lys. En attendant cette date fatidique, les repr\u00e9sentantes d\u00e9partementales ont partag\u00e9 un week-end d&rsquo;int\u00e9gration durant lequel Stella Capitaine, Miss Essonne 2025, s&rsquo;est l\u00e9g\u00e8rement bless\u00e9e.<\/p>\n<p>Miss France 2026 : la Miss Essonne 2025 s&rsquo;est bless\u00e9e\u2026 en faisant de la tyrolienne lors du week-end d&rsquo;int\u00e9gration de Miss \u00cele-de-France<\/p>\n<p>\u00c0 travers une courte vid\u00e9o post\u00e9e sur son compte <a href=\"https:\/\/www.tiktok.com\/@stel_laa8\/video\/7527716576309546262?_r=1&amp;_t=ZN-8y5Bs2dyCAg\" rel=\"nofollow noopener\" target=\"_blank\">TikTok<\/a> le mercredi 16 juillet 2025, la concern\u00e9e a racont\u00e9 comment elle avait \u00e9t\u00e9 victime de sa petite blessure. \u00ab\u00a0<b>Tu te d\u00e9figures pendant le voyage d&rsquo;int\u00e9gration Miss \u00cele-de-France<\/b>\u00ab\u00a0, a-t-elle indiqu\u00e9 dans son post la montrant \u00eatre en difficult\u00e9 sur une Tyrolienne. Si elle pr\u00e9cise qu&rsquo;elle n&rsquo;a plus rien, elle appara\u00eet pourtant sur la suite de la vid\u00e9o avec le haut du nez \u00e9rafl\u00e9. \u00c9lue dans l&rsquo;Essonne le 6 juin dernier, <b>Stella Capitaine a r\u00e9alis\u00e9 \u00ab\u00a0<\/b><b>un r\u00eave<\/b><b>\u00ab\u00a0<\/b> si l&rsquo;on en croit la l\u00e9gende de sa vid\u00e9o post\u00e9e \u00e0 la suite de son \u00e9lection. Dans un entretien accord\u00e9 au <a href=\"https:\/\/www.le-republicain.fr\/stella-capitaine-premiere-miss-essonne-de-lhistoire\/#:~:text=Le%2020%20septembre%20prochain%2C%20Stella,jour%20qu&#039;en%20juin%202024.\" rel=\"nofollow noopener\" target=\"_blank\">R\u00e9publicain de l&rsquo;Essonne<\/a>, la dipl\u00f4m\u00e9e d&rsquo;un master en audiovisuel r\u00e9v\u00e8le qu&rsquo;elle a grandi dans un environnement familial qui l&rsquo;encourageait \u00e0 tenter sa chance dans les concours de beaut\u00e9. \u00ab\u00a0Ma famille m\u2019en parle depuis que je suis petite, surtout mon grand-p\u00e8re\u00a0\u00bb, a-t-elle dit \u00e0 nos confr\u00e8res.<\/p>\n<p>                        Miss France 2026 : Stella Capitaine (Miss \u00cele-de-France 2025) a envie de mener un grand combat si elle devient Miss France<\/p>\n<p>\u00c2g\u00e9e de 26 ans,<b> elle souhaite profiter de sa potentielle visibilit\u00e9 pour mettre en lumi\u00e8re les maladies invisibles.<\/b> \u00ab\u00a0Ma m\u00e8re est atteinte de scl\u00e9rose en plaques et moi-m\u00eame d\u2019endom\u00e9triose. Une femme sur dix en souffre, et le diagnostic est encore bien trop long\u00a0\u00bb, a-t-elle relat\u00e9. Quoi qu&rsquo;il arrive, elle restera \u00e0 jamais la premi\u00e8re Miss Essonne de l&rsquo;Histoire, le comit\u00e9 n&rsquo;ayant \u00e9t\u00e9 cr\u00e9\u00e9 qu&rsquo;en juin 2024.<\/p>\n<blockquote class=\"tiktok-embed\" cite=\"https:\/\/www.tiktok.com\/@stel_laa8\/video\/7527716576309546262\" data-video-id=\"7527716576309546262\" data-embed-from=\"oembed\" style=\"max-width:605px; min-width:325px;\"><p>  <a target=\"_blank\" title=\"@stel_laa8\" href=\"https:\/\/www.tiktok.com\/@stel_laa8?refer=embed\" rel=\"nofollow noopener\">@stel_laa8<\/a> <\/p>\n<p>Tyrolienne 1 &#8211; Stella 0 <a title=\"jet2holidays\" target=\"_blank\" href=\"https:\/\/www.tiktok.com\/tag\/jet2holidays?refer=embed\" rel=\"nofollow noopener\">#jet2holidays<\/a> <a title=\"jet2\" target=\"_blank\" href=\"https:\/\/www.tiktok.com\/tag\/jet2?refer=embed\" rel=\"nofollow noopener\">#jet2<\/a> <\/p>\n<p> <a target=\"_blank\" title=\"\u266c Jet2 Advert - \u2708\ufe0fA7-BBH | MAN \ud83c\uddec\ud83c\udde7\" href=\"https:\/\/www.tiktok.com\/music\/Jet2-Advert-7398162320411429664?refer=embed\" rel=\"nofollow noopener\">\u266c Jet2 Advert &#8211; \u2708\ufe0fA7-BBH | MAN \ud83c\uddec\ud83c\udde7<\/a>  <\/p><\/blockquote>\n<p>        <script async src=\"\/\/www.tiktok.com\/embed.js\"><\/script><\/p>\n","protected":false},"excerpt":{"rendered":"Si certaines r\u00e9gions connaissent d\u00e9j\u00e0 leurs repr\u00e9sentantes pour l&rsquo;\u00e9lection de Miss France 2026 qui se tiendra en d\u00e9cembre&hellip;\n","protected":false},"author":2,"featured_media":254109,"comment_status":"","ping_status":"","sticky":false,"template":"","format":"standard","meta":{"footnotes":""},"categories":[1592],"tags":[1111,11,244,1777,674,1011,27,662,3034,12,626,25,199],"class_list":{"0":"post-254108","1":"post","2":"type-post","3":"status-publish","4":"format-standard","5":"has-post-thumbnail","7":"category-ile-de-france","8":"tag-actu","9":"tag-actualites","10":"tag-commentaire","11":"tag-eu","12":"tag-europe","13":"tag-fr","14":"tag-france","15":"tag-ile-de-france","16":"tag-miss-france","17":"tag-news","18":"tag-paris","19":"tag-republique-francaise","20":"tag-tf1"},"share_on_mastodon":{"url":"https:\/\/pubeurope.com\/@fr\/114869057865911277","error":""},"_links":{"self":[{"href":"https:\/\/www.europesays.com\/fr\/wp-json\/wp\/v2\/posts\/254108","targetHints":{"allow":["GET"]}}],"collection":[{"href":"https:\/\/www.europesays.com\/fr\/wp-json\/wp\/v2\/posts"}],"about":[{"href":"https:\/\/www.europesays.com\/fr\/wp-json\/wp\/v2\/types\/post"}],"author":[{"embeddable":true,"href":"https:\/\/www.europesays.com\/fr\/wp-json\/wp\/v2\/users\/2"}],"replies":[{"embeddable":true,"href":"https:\/\/www.europesays.com\/fr\/wp-json\/wp\/v2\/comments?post=254108"}],"version-history":[{"count":0,"href":"https:\/\/www.europesays.com\/fr\/wp-json\/wp\/v2\/posts\/254108\/revisions"}],"wp:featuredmedia":[{"embeddable":true,"href":"https:\/\/www.europesays.com\/fr\/wp-json\/wp\/v2\/media\/254109"}],"wp:attachment":[{"href":"https:\/\/www.europesays.com\/fr\/wp-json\/wp\/v2\/media?parent=254108"}],"wp:term":[{"taxonomy":"category","embeddable":true,"href":"https:\/\/www.europesays.com\/fr\/wp-json\/wp\/v2\/categories?post=254108"},{"taxonomy":"post_tag","embeddable":true,"href":"https:\/\/www.europesays.com\/fr\/wp-json\/wp\/v2\/tags?post=254108"}],"curies":[{"name":"wp","href":"https:\/\/api.w.org\/{rel}","templated":true}]}}