{"id":254110,"date":"2025-07-17T14:31:08","date_gmt":"2025-07-17T14:31:08","guid":{"rendered":"https:\/\/www.europesays.com\/fr\/254110\/"},"modified":"2025-07-17T14:31:08","modified_gmt":"2025-07-17T14:31:08","slug":"la-ligne-7-du-metro-a-paris-en-partie-interrompue","status":"publish","type":"post","link":"https:\/\/www.europesays.com\/fr\/254110\/","title":{"rendered":"la ligne 7 du m\u00e9tro \u00e0 Paris en partie interrompue"},"content":{"rendered":"<p>            Par<br \/>\n        <strong><br \/>\n            <a href=\"https:\/\/actu.fr\/auteur\/marie-amelie-marchal\" title=\"Consulter tous les articles de Marie Amelie Marchal\" target=\"_blank\" rel=\"noopener\">Marie Amelie Marchal<\/a><br \/>\n        <\/strong><\/p>\n<p>        Publi\u00e9 le<\/p>\n<p>            17 juil. 2025 \u00e0 15h57        <\/p>\n<p>\u00c0\u00a0la suite d\u2019un <strong>accident grave de voyageur<\/strong> survenu ce jeudi 17 juillet 2025 \u00e0 la station Cadet (Paris), le<strong> trafic est interrompu<\/strong> sur la ligne 7 entre<strong> Ch\u00e2teau-Landon-Lafayette<\/strong> et <strong>Chauss\u00e9e d\u2019Antin<\/strong> \u00e0 Paris.\u00a0<\/p>\n<p>Reprise estim\u00e9e \u00e0 17h30\u00a0<\/p>\n<p class=\" wall-content\">Selon le compte X de la ligne rose, le trafic est interrompu au moins jusqu\u2019\u00e0 17h30. Ainsi, aucun m\u00e9tro ne circule entre Ch\u00e2teau-Landon, gare de l\u2019Est, Poissonni\u00e8re, Cadet, Le Peletier et Chauss\u00e9e d\u2019Antin.<\/p>\n<p class=\" wall-content\">\n<p class=\" wall-content\">Les voyageurs sont invit\u00e9s \u00e0 emprunter des itin\u00e9raires de substitution, \u00e0 retrouver sur <a href=\"https:\/\/www.ratp.fr\/\" target=\"_blank\" rel=\"noopener\">le site<\/a> de la r\u00e9gie des transports.\u00a0<\/p>\n<p class=\" wall-content\">\u00c0 noter que d\u00e8s demain et jusqu\u2019au 24 juillet inclus, en raison de travaux, le trafic sera interrompu sur la ligne 7 entre La Courneuve-8 Mai 1945 et Chauss\u00e9e \u2013 d\u2019Antin La Fayette.\u00a0<\/p>\n<p class=\" wall-content\">Suivez toute l\u2019actualit\u00e9 de vos villes et m\u00e9dias favoris en vous inscrivant \u00e0 <a href=\"https:\/\/moncompte.actu.fr\" title=\"D\u00e9couvez Mon Actu\" rel=\"nofollow noopener\" data-trk=\"{&quot;cta&quot;:{&quot;action&quot;:&quot;https:\\\/\\\/moncompte.actu.fr&quot;,&quot;category&quot;:&quot;mon compte&quot;,&quot;from&quot;:&quot;article footer&quot;,&quot;name&quot;:&quot;Mon actu&quot;,&quot;type&quot;:&quot;cta&quot;}}\" target=\"_blank\">Mon Actu<\/a>.<\/p>\n","protected":false},"excerpt":{"rendered":"Par Marie Amelie Marchal Publi\u00e9 le 17 juil. 2025 \u00e0 15h57 \u00c0\u00a0la suite d\u2019un accident grave de voyageur&hellip;\n","protected":false},"author":2,"featured_media":254111,"comment_status":"","ping_status":"","sticky":false,"template":"","format":"standard","meta":{"footnotes":""},"categories":[1888],"tags":[7757,1111,1928,11,1927,1777,674,118,1011,27,4047,12,1926,626,1925,625,25],"class_list":{"0":"post-254110","1":"post","2":"type-post","3":"status-publish","4":"format-standard","5":"has-post-thumbnail","7":"category-paris","8":"tag-accident-grave-de-voyageur","9":"tag-actu","10":"tag-actu-paris","11":"tag-actualites","12":"tag-actualites-paris","13":"tag-eu","14":"tag-europe","15":"tag-faits-divers","16":"tag-fr","17":"tag-france","18":"tag-metro","19":"tag-news","20":"tag-news-paris","21":"tag-paris","22":"tag-paris-news","23":"tag-ratp","24":"tag-republique-francaise"},"share_on_mastodon":{"url":"https:\/\/pubeurope.com\/@fr\/114869061793908659","error":""},"_links":{"self":[{"href":"https:\/\/www.europesays.com\/fr\/wp-json\/wp\/v2\/posts\/254110","targetHints":{"allow":["GET"]}}],"collection":[{"href":"https:\/\/www.europesays.com\/fr\/wp-json\/wp\/v2\/posts"}],"about":[{"href":"https:\/\/www.europesays.com\/fr\/wp-json\/wp\/v2\/types\/post"}],"author":[{"embeddable":true,"href":"https:\/\/www.europesays.com\/fr\/wp-json\/wp\/v2\/users\/2"}],"replies":[{"embeddable":true,"href":"https:\/\/www.europesays.com\/fr\/wp-json\/wp\/v2\/comments?post=254110"}],"version-history":[{"count":0,"href":"https:\/\/www.europesays.com\/fr\/wp-json\/wp\/v2\/posts\/254110\/revisions"}],"wp:featuredmedia":[{"embeddable":true,"href":"https:\/\/www.europesays.com\/fr\/wp-json\/wp\/v2\/media\/254111"}],"wp:attachment":[{"href":"https:\/\/www.europesays.com\/fr\/wp-json\/wp\/v2\/media?parent=254110"}],"wp:term":[{"taxonomy":"category","embeddable":true,"href":"https:\/\/www.europesays.com\/fr\/wp-json\/wp\/v2\/categories?post=254110"},{"taxonomy":"post_tag","embeddable":true,"href":"https:\/\/www.europesays.com\/fr\/wp-json\/wp\/v2\/tags?post=254110"}],"curies":[{"name":"wp","href":"https:\/\/api.w.org\/{rel}","templated":true}]}}