{"id":254122,"date":"2025-07-17T14:37:10","date_gmt":"2025-07-17T14:37:10","guid":{"rendered":"https:\/\/www.europesays.com\/fr\/254122\/"},"modified":"2025-07-17T14:37:10","modified_gmt":"2025-07-17T14:37:10","slug":"les-negociations-avec-les-etats-unis-sont-extremement-difficiles-pour-la-france","status":"publish","type":"post","link":"https:\/\/www.europesays.com\/fr\/254122\/","title":{"rendered":"Les n\u00e9gociations avec les Etats-Unis sont \u00ab\u00a0extr\u00eamement difficiles\u00a0\u00bb pour la France"},"content":{"rendered":"<p>Les Am\u00e9ricains sont durs en affaires. Selon le ministre fran\u00e7ais de <a href=\"https:\/\/www.20minutes.fr\/dossier\/ministre_de_l_economie\" class=\"color-ultramarine c-link\" rel=\"nofollow noopener\" target=\"_blank\">l\u2019Economie<\/a>, \u00c9ric Lombard, les n\u00e9gociations avec les <a href=\"https:\/\/www.20minutes.fr\/monde\/etats-unis\/\" class=\"color-ultramarine c-link\" rel=\"nofollow noopener\" target=\"_blank\">Etats-Unis<\/a> \u00e0 propos des <a href=\"https:\/\/www.20minutes.fr\/economie\/droits-douane-americains\/\" class=\"color-ultramarine c-link\" rel=\"nofollow noopener\" target=\"_blank\">droits de douane<\/a> s\u2019av\u00e8rent compliqu\u00e9es. \u00ab\u00a0Ces discussions, elles se poursuivent, elles sont extr\u00eamement difficiles puisqu\u2019on est face \u00e0 des propositions qui ne sont pas \u00e9quilibr\u00e9es\u00a0\u00bb, a-t-il d\u00e9clar\u00e9 lors d\u2019un d\u00e9placement \u00e0 Metz.<\/p>\n<p>Le <a href=\"https:\/\/www.20minutes.fr\/dossier\/donald_trump\" class=\"color-ultramarine c-link\" rel=\"nofollow noopener\" target=\"_blank\">pr\u00e9sident am\u00e9ricain<\/a> a d\u00e9cr\u00e9t\u00e9 le week-end dernier des droits de douane de 30\u00a0% sur toutes les importations en provenance de l\u2019Union europ\u00e9enne \u00e0 compter du 1er\u00a0ao\u00fbt.<\/p>\n<p>\u00ab\u00a0Tout le monde ne respecte pas les r\u00e8gles du jeu\u00a0\u00bb<\/p>\n<p>La <a href=\"https:\/\/www.20minutes.fr\/dossier\/commission_europeenne\" class=\"color-ultramarine c-link\" rel=\"nofollow noopener\" target=\"_blank\">Commission europ\u00e9enne<\/a> a l\u2019espoir de trouver une solution n\u00e9goci\u00e9e avec les Etats-Unis avant cette \u00e9ch\u00e9ance, et pr\u00e9pare une riposte, pour taxer certains produits am\u00e9ricains, en cas d\u2019\u00e9chec de ces discussions.<\/p>\n<\/p>\n<p>Si cela se produit, \u00ab\u00a0de m\u00eame que les Am\u00e9ricains nous imposent des augmentations de droits de douane qui sont \u00e9lev\u00e9es, nous devons, avec l\u2019Union europ\u00e9enne, nous mettre d\u2019accord pour avoir aussi des droits de douane que <a href=\"https:\/\/www.20minutes.fr\/economie\/4163568-20250714-droits-douane-ue-envisage-represailles-si-donald-trump-va-jusqu-bout\" class=\"color-ultramarine c-link\" rel=\"nofollow noopener\" target=\"_blank\">nous imposons aux importations am\u00e9ricaines<\/a> pour qu\u2019on soit dans une situation d\u2019\u00e9quilibre\u00a0\u00bb, a affirm\u00e9 \u00c9ric Lombard. \u00ab\u00a0Notre objectif \u00e9tant, \u00e0 la fin, le plus vite possible, qu\u2019on ait des droits de douane le plus bas possible parce que ce n\u2019est pas bon pour l\u2019\u00e9conomie d\u2019avoir des droits de douane \u00e9lev\u00e9s\u00a0\u00bb.<\/p>\n<p>\u00ab\u00a0Dans un monde o\u00f9 tout le monde ne respecte pas les r\u00e8gles du jeu, [\u2026] il faut quand m\u00eame que, m\u00eame si ce n\u2019\u00e9tait pas la tradition europ\u00e9enne, qu\u2019on mette en place des protections pour prot\u00e9ger nos entreprises\u00a0\u00bb, a-t-il ajout\u00e9.<\/p>\n","protected":false},"excerpt":{"rendered":"Les Am\u00e9ricains sont durs en affaires. Selon le ministre fran\u00e7ais de l\u2019Economie, \u00c9ric Lombard, les n\u00e9gociations avec les&hellip;\n","protected":false},"author":2,"featured_media":254123,"comment_status":"","ping_status":"","sticky":false,"template":"","format":"standard","meta":{"footnotes":""},"categories":[1589],"tags":[47,11,2196,75,981,73,1866,74,12,1864,1865,1863,308],"class_list":{"0":"post-254122","1":"post","2":"type-post","3":"status-publish","4":"format-standard","5":"has-post-thumbnail","7":"category-etats-unis","8":"tag-actualite","9":"tag-actualites","10":"tag-commission-europeenne","11":"tag-donald-trump","12":"tag-douane","13":"tag-etats-unis","14":"tag-etats-unis-damerique","15":"tag-monde","16":"tag-news","17":"tag-united-states","18":"tag-united-states-of-america","19":"tag-us","20":"tag-usa"},"share_on_mastodon":{"url":"https:\/\/pubeurope.com\/@fr\/114869085311034971","error":""},"_links":{"self":[{"href":"https:\/\/www.europesays.com\/fr\/wp-json\/wp\/v2\/posts\/254122","targetHints":{"allow":["GET"]}}],"collection":[{"href":"https:\/\/www.europesays.com\/fr\/wp-json\/wp\/v2\/posts"}],"about":[{"href":"https:\/\/www.europesays.com\/fr\/wp-json\/wp\/v2\/types\/post"}],"author":[{"embeddable":true,"href":"https:\/\/www.europesays.com\/fr\/wp-json\/wp\/v2\/users\/2"}],"replies":[{"embeddable":true,"href":"https:\/\/www.europesays.com\/fr\/wp-json\/wp\/v2\/comments?post=254122"}],"version-history":[{"count":0,"href":"https:\/\/www.europesays.com\/fr\/wp-json\/wp\/v2\/posts\/254122\/revisions"}],"wp:featuredmedia":[{"embeddable":true,"href":"https:\/\/www.europesays.com\/fr\/wp-json\/wp\/v2\/media\/254123"}],"wp:attachment":[{"href":"https:\/\/www.europesays.com\/fr\/wp-json\/wp\/v2\/media?parent=254122"}],"wp:term":[{"taxonomy":"category","embeddable":true,"href":"https:\/\/www.europesays.com\/fr\/wp-json\/wp\/v2\/categories?post=254122"},{"taxonomy":"post_tag","embeddable":true,"href":"https:\/\/www.europesays.com\/fr\/wp-json\/wp\/v2\/tags?post=254122"}],"curies":[{"name":"wp","href":"https:\/\/api.w.org\/{rel}","templated":true}]}}