{"id":254124,"date":"2025-07-17T14:38:13","date_gmt":"2025-07-17T14:38:13","guid":{"rendered":"https:\/\/www.europesays.com\/fr\/254124\/"},"modified":"2025-07-17T14:38:13","modified_gmt":"2025-07-17T14:38:13","slug":"aimee-jessiman-a-nomme-le-chef-de-la-direction-du-royaume-uni-a-three-six-zero","status":"publish","type":"post","link":"https:\/\/www.europesays.com\/fr\/254124\/","title":{"rendered":"Aimee Jessiman a nomm\u00e9 le chef de la direction du Royaume-Uni \u00e0 Three Six Zero"},"content":{"rendered":"<p>La soci\u00e9t\u00e9 de gestion des artistes mondiales Three Six Zero a nomm\u00e9 Aimee Jessiman son nouveau chef de gestion britannique.<\/p>\n<p>\u00c0 Three Six Zero, Jessiman travaille sur des talents mondiaux tels que Calvin Harris et Swedish House Mafia.<\/p>\n<p>Dans son nouveau r\u00f4le, Jessiman travaillera en \u00e9troite collaboration avec trois six six z\u00e9ro fondateurs et PDG Mark Gillespie, supervisant tous les aspects de la gestion des artistes.<\/p>\n<p>Jessiman servira \u00e9galement de \u00abressource et mentor\u00bb pour les gestionnaires de talents de l&rsquo;entreprise et stimulera le d\u00e9veloppement commercial de la division britannique.<\/p>\n<p>Three Six Zero est d\u00e9crit comme une \u00absoci\u00e9t\u00e9 de partenariat de gestion internationale et de divertissement\u00bb qui op\u00e8re dans le paysage de la musique, du cin\u00e9ma, de la t\u00e9l\u00e9vision et du contenu num\u00e9rique.<\/p>\n<p>Avec des bureaux \u00e0 Los Angeles, Miami et Londres, la soci\u00e9t\u00e9 repr\u00e9sente un large collectif de talents mondiaux, notamment Calvin Harris, Willow, Swedish House Mafia, Kid Cudi, Jaden et plus encore.<\/p>\n<p>Commentant la nomination, Mark Gillespie, fondateur et PDG, Three Six Zero, a d\u00e9clar\u00e9: \u00ab\u00a0Aimee apporte le leadership et l&rsquo;exp\u00e9rience \u00e0 Three Six Zero, et est un atout pr\u00e9cieux \u00e0 notre op\u00e9ration au Royaume-Uni.\u00a0\u00bb<\/p>\n<blockquote>\n<p>\u00abAimee apporte le leadership et l&rsquo;exp\u00e9rience \u00e0 trois six z\u00e9ro, et est un atout pr\u00e9cieux \u00e0 notre op\u00e9ration au Royaume-Uni.\u00bb<\/p>\n<p>Mark Gillespie<\/p>\n<\/blockquote>\n<p>Ajout de Gillespie: \u00ab\u00a0J&rsquo;ai h\u00e2te de voir ce que nous pouvons r\u00e9aliser ensemble.\u00a0\u00bb<\/p>\n<blockquote>\n<p>\u00abJe suis incroyablement fier d&rsquo;entrer dans ce nouveau r\u00f4le chez Three Six Zero et de collaborer avec Mark sur une liste de talents aussi exceptionnelle.\u00bb<\/p>\n<p>Aimee Jessiman<\/p>\n<\/blockquote>\n<p>Aimee Jessiman, responsable de la direction (Royaume-Uni), a ajout\u00e9: \u00abJe suis incroyablement fier d&rsquo;entrer dans ce nouveau r\u00f4le chez Three Six Zero et de collaborer avec Mark sur une liste de talents aussi exceptionnelle.<\/p>\n<p>\u00abC&rsquo;est un moment charni\u00e8re pour l&rsquo;entreprise, et je suis profond\u00e9ment motiv\u00e9 par la chance d&rsquo;aider \u00e0 fa\u00e7onner son avenir.\u00bb<\/p>\n<p>Ailleurs dans l&rsquo;entreprise au Royaume-Uni<strong>, <\/strong>Apr\u00e8s avoir acquis Sarm Music Village de Londres en 2022, Three Six Zero a investi dans une r\u00e9novation approfondie de l&rsquo;ensemble de l&rsquo;installation. Le studio a r\u00e9cemment rouvert ses portes sous son surnom nouvellement cr\u00e9\u00e9 <strong>Trois Six Zero Studios.<\/strong><\/p>\n","protected":false},"excerpt":{"rendered":"La soci\u00e9t\u00e9 de gestion des artistes mondiales Three Six Zero a nomm\u00e9 Aimee Jessiman son nouveau chef de&hellip;\n","protected":false},"author":2,"featured_media":254125,"comment_status":"","ping_status":"","sticky":false,"template":"","format":"standard","meta":{"footnotes":""},"categories":[1588],"tags":[11,39445,7818,13635,1777,674,39446,12,3870,473,1853,1873,1851,1850,1852],"class_list":{"0":"post-254124","1":"post","2":"type-post","3":"status-publish","4":"format-standard","5":"has-post-thumbnail","7":"category-royaume-uni","8":"tag-actualites","9":"tag-aimee","10":"tag-chef","11":"tag-direction","12":"tag-eu","13":"tag-europe","14":"tag-jessiman","15":"tag-news","16":"tag-nomme","17":"tag-royaume-uni","18":"tag-royaume-uni-de-grande-bretagne-et-dirlande-du-nord","19":"tag-royaumeuni","20":"tag-uk","21":"tag-united-kingdom","22":"tag-united-kingdom-of-great-britain-and-northern-ireland"},"share_on_mastodon":{"url":"https:\/\/pubeurope.com\/@fr\/114869089483203772","error":""},"_links":{"self":[{"href":"https:\/\/www.europesays.com\/fr\/wp-json\/wp\/v2\/posts\/254124","targetHints":{"allow":["GET"]}}],"collection":[{"href":"https:\/\/www.europesays.com\/fr\/wp-json\/wp\/v2\/posts"}],"about":[{"href":"https:\/\/www.europesays.com\/fr\/wp-json\/wp\/v2\/types\/post"}],"author":[{"embeddable":true,"href":"https:\/\/www.europesays.com\/fr\/wp-json\/wp\/v2\/users\/2"}],"replies":[{"embeddable":true,"href":"https:\/\/www.europesays.com\/fr\/wp-json\/wp\/v2\/comments?post=254124"}],"version-history":[{"count":0,"href":"https:\/\/www.europesays.com\/fr\/wp-json\/wp\/v2\/posts\/254124\/revisions"}],"wp:featuredmedia":[{"embeddable":true,"href":"https:\/\/www.europesays.com\/fr\/wp-json\/wp\/v2\/media\/254125"}],"wp:attachment":[{"href":"https:\/\/www.europesays.com\/fr\/wp-json\/wp\/v2\/media?parent=254124"}],"wp:term":[{"taxonomy":"category","embeddable":true,"href":"https:\/\/www.europesays.com\/fr\/wp-json\/wp\/v2\/categories?post=254124"},{"taxonomy":"post_tag","embeddable":true,"href":"https:\/\/www.europesays.com\/fr\/wp-json\/wp\/v2\/tags?post=254124"}],"curies":[{"name":"wp","href":"https:\/\/api.w.org\/{rel}","templated":true}]}}