{"id":254126,"date":"2025-07-17T14:39:09","date_gmt":"2025-07-17T14:39:09","guid":{"rendered":"https:\/\/www.europesays.com\/fr\/254126\/"},"modified":"2025-07-17T14:39:09","modified_gmt":"2025-07-17T14:39:09","slug":"non-les-francais-ne-travaillent-pas-moins-que-les-allemands","status":"publish","type":"post","link":"https:\/\/www.europesays.com\/fr\/254126\/","title":{"rendered":"Non, les Fran\u00e7ais ne travaillent pas moins que les Allemands"},"content":{"rendered":"<p>Des Fran\u00e7ais \u00ab\u00a0d\u00e9senchant\u00e9s\u00a0\u00bb face au travail, coupables du d\u00e9ficit de la France qui s\u2019aggrave. C\u2019est presque en ces termes que le Premier ministre, Fran\u00e7ois Bayrou <a href=\"https:\/\/www.humanite.fr\/politique\/austerite\/budget-2026-entre-austerite-generalisee-et-ultra-riches-epargnes-bayrou-devoile-la-recette-de-sa-potion-amere\" target=\"_blank\" rel=\"noopener\">a \u00e9voqu\u00e9 les raisons du creusement de la dette, mardi 15\u00a0juillet, lors de la pr\u00e9sentation du budget<\/a>.<\/p>\n<p>\u00ab\u00a0Nous travaillons, en France, 100\u00a0heures de moins par habitant qu\u2019en Allemagne\u00a0\u00bb, a d\u00e9clar\u00e9 dans la foul\u00e9e la ministre des Comptes publics, <a href=\"https:\/\/www.humanite.fr\/politique\/amelie-de-montchalin\/malgre-un-taux-de-pauvrete-record-le-gouvernement-senfonce-dans-le-deni-et-refuse-de-changer-de-cap\" target=\"_blank\" rel=\"noopener\">Am\u00e9lie de\u00a0Montchalin<\/a>, pour justifier l\u2019effort suppl\u00e9mentaire demand\u00e9 aux travailleurs tricolores. La rengaine, utilis\u00e9e \u00e0 outrance pour justifier la destruction des droits des Fran\u00e7ais, n\u2019est pas nouvelle. Mais est-elle exacte\u00a0?<\/p>\n<p>La donn\u00e9e cit\u00e9e par la ministre est issue d\u2019une \u00e9tude de l\u2019OCDE et calcule le nombre d\u2019heures travaill\u00e9es par habitant en 2024, personnes inactives comprises. Ainsi, enfants, priv\u00e9s d\u2019emploi et retrait\u00e9s int\u00e8grent le calcul. Les donn\u00e9es se trouvent ainsi plus fa\u00e7onn\u00e9es par la structure d\u00e9mographique des pays (natalit\u00e9, esp\u00e9rance de vie) et les r\u00e8gles de d\u00e9part \u00e0 la retraite (les Allemands ne peuvent toucher leur pension qu\u2019\u00e0 partir de 67\u00a0ans) que <a href=\"https:\/\/www.humanite.fr\/social-et-economie\/emploi\/productivite-la-france-est-elle-moins-efficace-au-travail-796936\" target=\"_blank\" rel=\"noopener\">par la productivit\u00e9 des travailleurs<\/a>.<\/p>\n<p>En restreignant l\u2019analyse aux personnes actives, la comparaison sert bien moins le discours du gouvernement. En 2023, selon un autre indicateur de l\u2019OCDE, les travailleurs allemands avaient en moyenne b\u00fbch\u00e9 1\u00a0335\u00a0heures, soit 154\u00a0heures de moins que les travailleurs fran\u00e7ais (1\u00a0489\u00a0heures).<\/p>\n<p>Un taux de ch\u00f4mage des jeunes consid\u00e9rable<\/p>\n<p>Il est toutefois vrai que <a href=\"https:\/\/www.humanite.fr\/social-et-economie\/assurance-chomage\/france-travail-forte-hausse-du-nombre-de-chomeurs-au-premier-trimestre-2025-le-plein-emploi-version-macron-vire-au-mirage\" target=\"_blank\" rel=\"noopener\">le taux d\u2019emploi est plus important en Allemagne qu\u2019en France<\/a>. Selon les donn\u00e9es publi\u00e9es par l\u2019Insee, la part des personnes \u00e2g\u00e9es de 15 \u00e0 74\u00a0ans occupant un emploi \u00e9tait de 68,4\u00a0% en 2023 en France, contre 77,4\u00a0% outre-Rhin. Cette diff\u00e9rence pourrait s\u2019apparenter \u00e0 un souci de r\u00e9partition du travail. \u00ab\u00a0Il faut travailler tous, il faut travailler mieux\u00a0\u00bb, mais pas travailler plus, assurait ainsi Marylise L\u00e9on, secr\u00e9taire g\u00e9n\u00e9rale de la CFDT, au micro de France Inter, jeudi.<\/p>\n<p>Les jeunes Fran\u00e7ais se trouvent en moyenne en effet largement plus exclus du travail que leurs coll\u00e8gues allemands\u00a0: <a href=\"https:\/\/www.humanite.fr\/social-et-economie\/assurance-chomage\/chomage-en-forte-hausse-de-39-pourquoi-les-jeunes-sont-les-plus-touches\" target=\"_blank\" rel=\"noopener\">le taux de ch\u00f4mage des 15-24\u00a0ans est de 17,2\u00a0% en France<\/a>, contre seulement 5,8\u00a0% en Allemagne. Une note du Conseil d\u2019analyse \u00e9conomique de mars 2025 pr\u00e9cise d\u2019ailleurs que \u00ab\u00a0deux ans apr\u00e8s leur fin d\u2019\u00e9tudes, les jeunes sortis d\u2019\u00e9tudes \u00e0 18\u00a0ans ont un taux d\u2019emploi plus faible en France de 15 points par rapport \u00e0 l\u2019Allemagne\u00a0\u00bb.<\/p>\n<p>La situation n\u2019est pas plus reluisante du c\u00f4t\u00e9 des seniors. Selon l\u2019Insee, en 2023, 21\u00a0% des personnes \u00e2g\u00e9es de 55 \u00e0 61\u00a0ans n\u2019\u00e9taient, en France, ni en emploi, ni \u00e0 la retraite.<\/p>\n<p>\u00ab\u00a0Le probl\u00e8me fran\u00e7ais c\u2019est le taux d\u2019emploi, pas les heures travaill\u00e9es en emploi\u00a0\u00bb, conclut la note du Conseil d\u2019analyse \u00e9conomique. Ainsi, rien ne sert de raboter les cong\u00e9s ou de sucrer les jours f\u00e9ri\u00e9s pour renflouer les caisses. \u00c0 en croire les experts, il suffirait plut\u00f4t d\u2019encourager l\u2019emploi des jeunes, des seniors mais aussi des travailleurs les moins qualifi\u00e9s. Difficile toutefois de penser qu\u2019une nouvelle r\u00e9forme des r\u00e8gles de l\u2019assurance-ch\u00f4mage souhait\u00e9e par Fran\u00e7ois Bayrou, <a href=\"https:\/\/www.humanite.fr\/social-et-economie\/assurance-chomage-2\/chomage-combien-allez-vous-perdre-dargent-des-le-1er-avril\" target=\"_blank\" rel=\"noopener\">qui viendra \u00e0 n\u2019en point douter raboter les droits des priv\u00e9s d\u2019emploi<\/a>, servira cet objectif.<\/p>\n<p><strong>Aux c\u00f4t\u00e9s de celles et ceux qui luttent\u00a0!<\/strong><\/p>\n<p>L\u2019urgence sociale, c\u2019est chaque jour la priorit\u00e9 de l\u2019Humanit\u00e9.\u00a0<\/p>\n<ul class=\"wp-block-list\">\n<li>En exposant la violence patronale.\u00a0<\/li>\n<\/ul>\n<ul class=\"wp-block-list\">\n<li>En montrant ce que vivent celles et ceux qui travaillent et ceux qui aspirent \u00e0 le faire.\u00a0<\/li>\n<\/ul>\n<ul class=\"wp-block-list\">\n<li>En donnant des cl\u00e9s de compr\u00e9hension et des outils aux salari\u00e9.es pour se d\u00e9fendre contre les politiques ultralib\u00e9rales qui d\u00e9gradent leur qualit\u00e9 de vie.\u00a0<\/li>\n<\/ul>\n<p><strong>Vous connaissez d\u2019autres m\u00e9dias qui font \u00e7a\u202f?\u00a0\u00a0<\/strong><br \/><a href=\"https:\/\/www.humanite.fr\/lhumanite-cest-vous\" target=\"_blank\" rel=\"noopener\">Je veux en savoir plus\u00a0!<\/a><\/p>\n","protected":false},"excerpt":{"rendered":"Des Fran\u00e7ais \u00ab\u00a0d\u00e9senchant\u00e9s\u00a0\u00bb face au travail, coupables du d\u00e9ficit de la France qui s\u2019aggrave. C\u2019est presque en ces&hellip;\n","protected":false},"author":2,"featured_media":254127,"comment_status":"","ping_status":"","sticky":false,"template":"","format":"standard","meta":{"footnotes":""},"categories":[1587],"tags":[11,672,15441,1003,1804,7219,39447,1805,1803,341,1777,674,1801,12,1802],"class_list":{"0":"post-254126","1":"post","2":"type-post","3":"status-publish","4":"format-standard","5":"has-post-thumbnail","7":"category-allemagne","8":"tag-actualites","9":"tag-allemagne","10":"tag-austu00e9ritu00e9","11":"tag-budget","12":"tag-bundesrepublik-deutschland","13":"tag-chu00f4mage","14":"tag-chu00f4mage-des-jeunes","15":"tag-de","16":"tag-deutschland","17":"tag-emploi","18":"tag-eu","19":"tag-europe","20":"tag-germany","21":"tag-news","22":"tag-republique-federale-dallemagne"},"share_on_mastodon":{"url":"https:\/\/pubeurope.com\/@fr\/114869093235230346","error":""},"_links":{"self":[{"href":"https:\/\/www.europesays.com\/fr\/wp-json\/wp\/v2\/posts\/254126","targetHints":{"allow":["GET"]}}],"collection":[{"href":"https:\/\/www.europesays.com\/fr\/wp-json\/wp\/v2\/posts"}],"about":[{"href":"https:\/\/www.europesays.com\/fr\/wp-json\/wp\/v2\/types\/post"}],"author":[{"embeddable":true,"href":"https:\/\/www.europesays.com\/fr\/wp-json\/wp\/v2\/users\/2"}],"replies":[{"embeddable":true,"href":"https:\/\/www.europesays.com\/fr\/wp-json\/wp\/v2\/comments?post=254126"}],"version-history":[{"count":0,"href":"https:\/\/www.europesays.com\/fr\/wp-json\/wp\/v2\/posts\/254126\/revisions"}],"wp:featuredmedia":[{"embeddable":true,"href":"https:\/\/www.europesays.com\/fr\/wp-json\/wp\/v2\/media\/254127"}],"wp:attachment":[{"href":"https:\/\/www.europesays.com\/fr\/wp-json\/wp\/v2\/media?parent=254126"}],"wp:term":[{"taxonomy":"category","embeddable":true,"href":"https:\/\/www.europesays.com\/fr\/wp-json\/wp\/v2\/categories?post=254126"},{"taxonomy":"post_tag","embeddable":true,"href":"https:\/\/www.europesays.com\/fr\/wp-json\/wp\/v2\/tags?post=254126"}],"curies":[{"name":"wp","href":"https:\/\/api.w.org\/{rel}","templated":true}]}}