{"id":25413,"date":"2025-04-14T23:19:12","date_gmt":"2025-04-14T23:19:12","guid":{"rendered":"https:\/\/www.europesays.com\/fr\/25413\/"},"modified":"2025-04-14T23:19:12","modified_gmt":"2025-04-14T23:19:12","slug":"en-images-ces-cabines-imaginees-par-airbus-propulsent-ses-avions-au-sommet-du-luxe","status":"publish","type":"post","link":"https:\/\/www.europesays.com\/fr\/25413\/","title":{"rendered":"EN IMAGES. Ces cabines imagin\u00e9es par Airbus propulsent ses avions au sommet du luxe"},"content":{"rendered":"<p>            Par<br \/>\n        <strong><br \/>\n            <a href=\"https:\/\/actu.fr\/auteur\/mareva-laville-actu-fr\" title=\"Consulter tous les articles de Mar\u00e9va Laville\" rel=\"nofollow noopener\" target=\"_blank\">Mar\u00e9va Laville<\/a><br \/>\n        <\/strong><\/p>\n<p>        Publi\u00e9 le<\/p>\n<p>            14 avr. 2025 \u00e0 7h14        <\/p>\n<p>C\u2019est du standing de haut rang. <a href=\"https:\/\/actu.fr\/economie\/airbus\" rel=\"nofollow noopener\" target=\"_blank\"><strong>Airbus<\/strong> <\/a>vient de r\u00e9v\u00e9ler la cabine de (plus que) premi\u00e8re classe de son gros-porteur A350-1000. Au salon <a href=\"https:\/\/aircraft.airbus.com\/en\/aircraft-interiors-expo\" rel=\"nofollow noopener\" target=\"_blank\">Aircraft Interiors Expo de Hambourg (Allemagne)<\/a>, l\u2019avionneur europ\u00e9en qui poss\u00e8de son si\u00e8ge mondial \u00e0 <a href=\"http:\/\/www.actu.fr\/toulouse\" rel=\"nofollow noopener\" target=\"_blank\">Toulouse<\/a> a pr\u00e9sent\u00e9 son petit bijou\u2026 propulsant la <strong>Premi\u00e8re classe<\/strong> \u00e0 un niveau encore bien sup\u00e9rieur.<\/p>\n<p>Une cabine unique et \u00ab\u2009cocooning\u2009\u00bb<\/p>\n<p class=\" wall-content\">Lunettes 3D aux yeux, les d\u00e9cisionnaires des compagnies a\u00e9riennes ont ainsi pu d\u00e9couvrir la plus \u00ab\u2009premium\u2009\u00bb des cabines qui puissent exister. Plus spacieuse et plus exclusive encore que ce qu\u2019il se fait actuellement. Rendu obtenu\u2009?<strong> Un espace cocooning.<\/strong> Comme \u00e0 la maison. Ou presque, et \u00e0 ceux qui peuvent se l\u2019offrir.<\/p>\n<p>      <img   decoding=\"async\" loading=\"lazy\" src=\"https:\/\/www.europesays.com\/fr\/wp-content\/uploads\/2025\/04\/cabinea350-1000-960x640.jpg\" alt=\"A l'int\u00e9rieur des cabines, une table, un canap\u00e9 et de quoi se reposer, \u00e0 l'abri des regards et du bruit.\" width=\"960\" height=\"640\"\/><br \/>\n    \u00c0 l\u2019int\u00e9rieur des cabines, une table, un canap\u00e9 et de quoi se reposer, \u00e0 l\u2019abri des regards et du bruit. (\u00a9Airbus)Une v\u00e9ritable chambre d\u2019h\u00f4tel dans l\u2019avion<\/p>\n<p class=\" wall-content\">C\u2019est probablement la Master Suite de Premi\u00e8re classe, pour deux personnes, qui atteindra des sommets en termes de prix. Celle-ci se situe entre les deux all\u00e9es de l\u2019A350-1000. \u00c0 l\u2019int\u00e9rieur, tout le confort possible. Un lit double, un espace vestiaire, des toilettes\u2026 telle une v\u00e9ritable chambre. Un bar y trouve aussi sa place.<\/p>\n<p>      <img   decoding=\"async\" loading=\"lazy\" src=\"https:\/\/www.europesays.com\/fr\/wp-content\/uploads\/2025\/04\/cabine1erclasse-960x640.jpg\" alt=\"Cette cabine est la plus luxueuse de celles propos\u00e9es en Premi\u00e8re classe dans l'A350-1000.\" width=\"960\" height=\"640\"\/><br \/>\n    Cette Master Suite ressemble \u00e0 une chambre d\u2019h\u00f4tel. (\u00a9Airbus)<\/p>\n<p class=\" wall-content\">Les autres suites n\u2019en sont pas moins confortables ou intimes. Car chaque <strong>cabine de Premi\u00e8re classe dans <a href=\"https:\/\/actu.fr\/occitanie\/toulouse_31555\/toulouse-cette-compagnie-passe-encore-une-commande-ferme-d-une-dizaine-d-avions-airbus-supplementaire_62477749.html\" rel=\"nofollow noopener\" target=\"_blank\">l\u2019A350-1000<\/a><\/strong>, dot\u00e9e d\u2019une table et de canap\u00e9s, est calfeutr\u00e9e et coup\u00e9e des autres. Intimit\u00e9 absolue.<\/p>\n<p>Les espaces optimis\u00e9s<\/p>\n<p class=\" wall-content\">Pour le permettre, Airbus a optimis\u00e9 sa surface au maximum entre les portes 1 et 2 de l\u2019avion de sorte \u00e0 cr\u00e9er une <strong>configuration \u00ab\u20091-1-1\u2009\u00bb,<\/strong> soit trois suites de front. L\u2019avionneur a notamment <strong>centralis\u00e9 les toilettes et zones de rangements<\/strong> au milieu de l\u2019espace Premi\u00e8re classe, ainsi que les zones de repos de l\u2019\u00e9quipage.<\/p>\n<p class=\" wall-content\">\n      <img   decoding=\"async\" loading=\"lazy\" src=\"https:\/\/www.europesays.com\/fr\/wp-content\/uploads\/2025\/04\/cabina350-1000-960x640.jpg\" alt=\"Un module est d\u00e9di\u00e9 \u00e0 l'\u00e9quipage.\" width=\"960\" height=\"640\"\/><br \/>\n    Un module est d\u00e9di\u00e9 \u00e0 l\u2019\u00e9quipage. (\u00a9Airbus)<br \/>\n      <img   decoding=\"async\" loading=\"lazy\" src=\"https:\/\/www.europesays.com\/fr\/wp-content\/uploads\/2025\/04\/cabine2ndclasse-960x640.jpg\" alt=\"Les toilettes et les rangements normalement r\u00e9partis dans la surface ont \u00e9t\u00e9 centralis\u00e9s.\" width=\"960\" height=\"640\"\/><br \/>\n    Les toilettes et les rangements normalement r\u00e9partis dans la surface ont \u00e9t\u00e9 centralis\u00e9s. (\u00a9Airbus)<\/p>\n<p>\u00c9clairages chaleureux<\/p>\n<p class=\" wall-content\">Sol optimis\u00e9, hauteur tout autant. Au plafond, les panneaux sont sculpt\u00e9s aussi de sorte \u00e0 accentuer la sensation d\u2019espace. Les <strong>\u00e9clairages<\/strong> jouent aussi leur r\u00f4le. \u00c0 l\u2019entr\u00e9e de la zone Premi\u00e8re classe, par exemple, la lumi\u00e8re promet une <strong>ambiance chaleureuse.<\/strong><\/p>\n<p class=\" wall-content\">D\u2019autres d\u00e9tails pourront s\u2019ajouter ou des \u00e9l\u00e9ments de structures peaufin\u00e9s \u00ab\u2009afin de fa\u00e7onner plus pr\u00e9cis\u00e9ment le produit de premi\u00e8re classe ultime\u2009\u00bb, indique Airbus. C\u2019\u00e9tait \u00ab\u2009l\u2019objectif principal de la pr\u00e9sentation du concept et du design en r\u00e9alit\u00e9 augment\u00e9e\u2009\u00bb.<\/p>\n<p class=\" wall-content\">Suivez toute l\u2019actualit\u00e9 de vos villes et m\u00e9dias favoris en vous inscrivant \u00e0 <a href=\"https:\/\/moncompte.actu.fr\" title=\"D\u00e9couvez Mon Actu\" rel=\"nofollow noopener\" data-trk=\"{&quot;cta&quot;:{&quot;action&quot;:&quot;https:\\\/\\\/moncompte.actu.fr&quot;,&quot;category&quot;:&quot;mon compte&quot;,&quot;from&quot;:&quot;article footer&quot;,&quot;name&quot;:&quot;Mon actu&quot;,&quot;type&quot;:&quot;cta&quot;}}\" target=\"_blank\">Mon Actu<\/a>.<\/p>\n","protected":false},"excerpt":{"rendered":"Par Mar\u00e9va Laville Publi\u00e9 le 14 avr. 2025 \u00e0 7h14 C\u2019est du standing de haut rang. Airbus vient&hellip;\n","protected":false},"author":2,"featured_media":25414,"comment_status":"","ping_status":"","sticky":false,"template":"","format":"standard","meta":{"footnotes":""},"categories":[2816],"tags":[1111,11,36,33,1777,674,1011,27,2425,12,2680,25,2312],"class_list":{"0":"post-25413","1":"post","2":"type-post","3":"status-publish","4":"format-standard","5":"has-post-thumbnail","7":"category-toulouse","8":"tag-actu","9":"tag-actualites","10":"tag-airbus","11":"tag-economie","12":"tag-eu","13":"tag-europe","14":"tag-fr","15":"tag-france","16":"tag-luxe","17":"tag-news","18":"tag-occitanie","19":"tag-republique-francaise","20":"tag-toulouse"},"share_on_mastodon":{"url":"https:\/\/pubeurope.com\/@fr\/114338880809111685","error":""},"_links":{"self":[{"href":"https:\/\/www.europesays.com\/fr\/wp-json\/wp\/v2\/posts\/25413","targetHints":{"allow":["GET"]}}],"collection":[{"href":"https:\/\/www.europesays.com\/fr\/wp-json\/wp\/v2\/posts"}],"about":[{"href":"https:\/\/www.europesays.com\/fr\/wp-json\/wp\/v2\/types\/post"}],"author":[{"embeddable":true,"href":"https:\/\/www.europesays.com\/fr\/wp-json\/wp\/v2\/users\/2"}],"replies":[{"embeddable":true,"href":"https:\/\/www.europesays.com\/fr\/wp-json\/wp\/v2\/comments?post=25413"}],"version-history":[{"count":0,"href":"https:\/\/www.europesays.com\/fr\/wp-json\/wp\/v2\/posts\/25413\/revisions"}],"wp:featuredmedia":[{"embeddable":true,"href":"https:\/\/www.europesays.com\/fr\/wp-json\/wp\/v2\/media\/25414"}],"wp:attachment":[{"href":"https:\/\/www.europesays.com\/fr\/wp-json\/wp\/v2\/media?parent=25413"}],"wp:term":[{"taxonomy":"category","embeddable":true,"href":"https:\/\/www.europesays.com\/fr\/wp-json\/wp\/v2\/categories?post=25413"},{"taxonomy":"post_tag","embeddable":true,"href":"https:\/\/www.europesays.com\/fr\/wp-json\/wp\/v2\/tags?post=25413"}],"curies":[{"name":"wp","href":"https:\/\/api.w.org\/{rel}","templated":true}]}}