{"id":254130,"date":"2025-07-17T14:41:15","date_gmt":"2025-07-17T14:41:15","guid":{"rendered":"https:\/\/www.europesays.com\/fr\/254130\/"},"modified":"2025-07-17T14:41:15","modified_gmt":"2025-07-17T14:41:15","slug":"cinq-semaines-de-conges-payes-les-francais-ont-ils-davantage-de-vacances-que-leurs-voisins-europeens","status":"publish","type":"post","link":"https:\/\/www.europesays.com\/fr\/254130\/","title":{"rendered":"Cinq semaines de cong\u00e9s pay\u00e9s\u00a0: les Fran\u00e7ais ont-ils davantage de vacances que leurs voisins europ\u00e9ens\u00a0?"},"content":{"rendered":"<p class=\"paragraph text_align_left lp-f-body-02\">Sommes-nous vraiment mieux lotis que nos voisins europ\u00e9ens en termes de cong\u00e9s pay\u00e9s\u00a0? Dans les faits, l\u2019<a href=\"https:\/\/www.leparisien.fr\/politique\/lunion-europeenne-propose-une-hausse-du-budget-a-2-000-milliards-deuros-rejet-immediat-de-berlin-17-07-2025-543DPCA4KVGNBFS42V4XCUOMRQ.php\" target=\"_self\" rel=\"nofollow noopener\">Union Europ\u00e9enne<\/a> impose aux 27 \u00c9tats membres une dur\u00e9e minimum de 4 semaines de cong\u00e9s pay\u00e9s par an. Mais chaque pays est ensuite libre de fixer une dur\u00e9e sup\u00e9rieure selon ses propres lois\u2026 ou pas.<\/p>\n<p class=\"paragraph text_align_left lp-f-body-02\">16 pays parmi lesquels la Belgique, l\u2019Italie, la <a href=\"https:\/\/www.leparisien.fr\/etudiant\/etudes\/universites\/reintegrer-dans-le-cursus-francais-les-etudiants-en-medecine-partis-a-letranger-une-mesure-injuste-selon-lordre-des-medecins-et-lanemf-SYBBGOMIUND3BA443OXQWK5P4E.php\" target=\"_self\" rel=\"nofollow noopener\">Roumanie <\/a>ou la Gr\u00e8ce, allouent seulement 4 semaines de cong\u00e9s pay\u00e9s par an \u00e0 leurs salari\u00e9s, le minimum selon la l\u00e9gislation europ\u00e9enne.<\/p>\n<p class=\"paragraph text_align_left lp-f-body-02\">Avec ses 25 jours de cong\u00e9s pay\u00e9s par an, la France se situe \u00e0 peine au-dessus de la moyenne europ\u00e9enne de 22 jours. \u00c0 \u00e9galit\u00e9, le <a href=\"https:\/\/www.leparisien.fr\/societe\/au-danemark-lage-de-la-retraite-indexe-sur-lesperance-de-vie-releve-a-70-ans-en-2040-22-05-2025-33MP2XRVIFCJXB77WIXOPVOJ3M.php\" target=\"_self\" rel=\"nofollow noopener\">Danemark<\/a>, l\u2019Autriche et la Su\u00e8de obligent \u00e9galement les employeurs \u00e0 offrir \u00e0 leurs salari\u00e9s au moins 25 jours de cong\u00e9s pay\u00e9s par an.<\/p>\n<p class=\"paragraph text_align_left lp-f-body-02\">Les champions d\u2019Europe, avec au moins 30 jours de cong\u00e9s pay\u00e9s par an, sont Malte et l\u2019<a href=\"https:\/\/www.leparisien.fr\/societe\/une-entreprise-espagnole-offre-trois-jours-de-conges-payes-pour-le-deces-dun-animal-de-compagnie-26-05-2025-L7YK63HGXFF5FD5GZ2RM7TIMKE.php\" target=\"_self\" rel=\"nofollow noopener\">Espagne<\/a>, des pays qui accordent une place centrale au temps de repos dans leur mode de vie. Ils sont suivis de pr\u00e8s par l\u2019Estonie (28 jours) et le Luxembourg (26 jours).<\/p>\n<p><img decoding=\"async\" class=\"image \" loading=\"lazy\" src=\"https:\/\/www.europesays.com\/fr\/wp-content\/uploads\/2025\/07\/6SI65JPJFFCXHO75F3EPFKYVRM.jpg\" alt=\"\" align=\"\" data-rubrique-principale=\"\" data-article-type=\"\" fetchpriority=\"auto\"\/><\/p>\n<p class=\"paragraph text_align_left lp-f-body-02\">Mais dans chaque pays, le nombre r\u00e9el de cong\u00e9s pay\u00e9s est souvent plus \u00e9lev\u00e9 que celui du minimum l\u00e9gal, gr\u00e2ce \u00e0 la n\u00e9gociation. En 2015, les salari\u00e9s avaient en moyenne 33 jours de cong\u00e9 par an, d\u2019apr\u00e8s une <a href=\"https:\/\/dares.travail-emploi.gouv.fr\/sites\/default\/files\/pdf\/2017-054.pdf\" target=\"_self\" rel=\"nofollow noopener\">\u00e9tude de la Dares<\/a>. En 2010, ce nombre s\u2019\u00e9levait \u00e0 37 jours, <a href=\"https:\/\/www.insee.fr\/fr\/statistiques\/1281344\" target=\"_self\" rel=\"nofollow noopener\">selon l\u2019INSEE<\/a>.<\/p>\n<p class=\"paragraph text_align_left lp-f-body-02\">En signant des accords par secteur ou via des <a href=\"https:\/\/www.leparisien.fr\/sports\/football\/conge-parental-statut-de-joueuse-pro-droit-a-limage-ou-en-est-la-convention-collective-du-football-feminin-20-09-2024-73XG4PNPORAFHDGL5N24RDB5AA.php\" target=\"_self\" rel=\"nofollow noopener\">conventions collectives<\/a>, les salari\u00e9s augmentent leur nombre minimal de cong\u00e9s pay\u00e9s. Ce d\u00e9compte ne tient pas non plus compte des cong\u00e9s suppl\u00e9mentaires pour anciennet\u00e9 ou circonstances familiales.<\/p>\n<p class=\"paragraph text_align_left lp-f-body-02\">Les <a href=\"https:\/\/www.leparisien.fr\/economie\/bientot-un-ou-deux-jours-feries-en-moins-quand-le-8-mai-perdait-son-statut-pendant-20-ans-15-07-2025-IC5GHZRYE5CUHCJZACBTG44FLE.php\" target=\"_self\" rel=\"nofollow noopener\">jours f\u00e9ri\u00e9s<\/a> \u2013 dont le nombre varie selon les pays \u2013 ne sont pas ouvr\u00e9s non plus. Il y en a 11 en France (<a href=\"https:\/\/www.leparisien.fr\/politique\/budget-2026-francois-bayrou-propose-de-supprimer-deux-jours-feries-pour-tout-le-pays-15-07-2025-SWE6VMSMVNAV5AMZGLCIF5K6SU.php\" target=\"_self\" rel=\"nofollow noopener\">pour l\u2019instant<\/a>), contre 14 en Espagne ou 9 en Allemagne.<\/p>\n<p>Un droit ancr\u00e9 dans l\u2019histoire sociale de la France<\/p>\n<p class=\"paragraph text_align_left lp-f-body-02\">Si la France est aujourd\u2019hui plus g\u00e9n\u00e9reuse que d\u2019autres en mati\u00e8re de cong\u00e9s pay\u00e9s, c\u2019est en partie parce que ce droit est solidement ancr\u00e9 dans son histoire sociale.<\/p>\n<p class=\"paragraph text_align_left lp-f-body-02\">Institu\u00e9s par la loi du 20\u00a0juin 1936, au lendemain de l\u2019<a href=\"https:\/\/www.leparisien.fr\/archives\/l-annee-des-premiers-conges-payes-11-07-2016-5957747.php\" target=\"_self\" rel=\"nofollow noopener\">arriv\u00e9e au pouvoir du Front populaire<\/a>, les cong\u00e9s pay\u00e9s ont marqu\u00e9 une avanc\u00e9e majeure pour les salari\u00e9s, et en particulier les ouvriers du secteur priv\u00e9, jusque-l\u00e0 exclus de ce type de repos r\u00e9mun\u00e9r\u00e9.<\/p>\n<p class=\"paragraph text_align_left lp-f-body-02\">Des centaines de milliers de Fran\u00e7ais d\u00e9couvrent alors pour la premi\u00e8re fois les joies des <a href=\"https:\/\/www.leparisien.fr\/culture-loisirs\/sortir-region-parisienne\/\" target=\"_self\" rel=\"nofollow noopener\">vacances<\/a>, notamment gr\u00e2ce au \u00ab\u00a0billet populaire de cong\u00e9s annuel\u00a0\u00bb, qui offre des r\u00e9ductions sur les voyages en train. M\u00eame si les s\u00e9jours sont encore courts et modestes, l\u2019id\u00e9e d\u2019un droit au repos s\u2019installe durablement.<\/p>\n<p class=\"paragraph text_align_left lp-f-body-02\">La ministre du Travail Astrid Panosyan-Bouvet a annonc\u00e9 mardi que \u00ab\u00a0la possibilit\u00e9 de <a href=\"https:\/\/www.leparisien.fr\/economie\/il-faut-dabord-donner-du-travail-a-ceux-qui-nen-ont-pas-monetiser-la-5e-semaine-de-conges-payes-fait-debat-16-07-2025-T6UOGLH56NBDTGHYFP6R2J2UE4.php\" target=\"_self\" rel=\"nofollow noopener\">mon\u00e9tiser la cinqui\u00e8me semaine de cong\u00e9s pay\u00e9s<\/a>\u00a0\u00bb ferait partie des pistes qui allaient \u00eatre mises sur la table. Marylise L\u00e9on, la secr\u00e9taire g\u00e9n\u00e9rale de la CFDT, a r\u00e9agi au micro de France Inter jeudi matin en qualifiant cette proposition d\u2019\u00ab\u00a0horreur\u00a0\u00bb.<\/p>\n","protected":false},"excerpt":{"rendered":"Sommes-nous vraiment mieux lotis que nos voisins europ\u00e9ens en termes de cong\u00e9s pay\u00e9s\u00a0? Dans les faits, l\u2019Union Europ\u00e9enne&hellip;\n","protected":false},"author":2,"featured_media":254131,"comment_status":"","ping_status":"","sticky":false,"template":"","format":"standard","meta":{"footnotes":""},"categories":[1586],"tags":[11,33,341,1777,674,1779,1011,27,12,25,1778,364],"class_list":{"0":"post-254130","1":"post","2":"type-post","3":"status-publish","4":"format-standard","5":"has-post-thumbnail","7":"category-europe","8":"tag-actualites","9":"tag-economie","10":"tag-emploi","11":"tag-eu","12":"tag-europe","13":"tag-european-union","14":"tag-fr","15":"tag-france","16":"tag-news","17":"tag-republique-francaise","18":"tag-ue","19":"tag-union-europeenne"},"share_on_mastodon":{"url":"https:\/\/pubeurope.com\/@fr\/114869101132747098","error":""},"_links":{"self":[{"href":"https:\/\/www.europesays.com\/fr\/wp-json\/wp\/v2\/posts\/254130","targetHints":{"allow":["GET"]}}],"collection":[{"href":"https:\/\/www.europesays.com\/fr\/wp-json\/wp\/v2\/posts"}],"about":[{"href":"https:\/\/www.europesays.com\/fr\/wp-json\/wp\/v2\/types\/post"}],"author":[{"embeddable":true,"href":"https:\/\/www.europesays.com\/fr\/wp-json\/wp\/v2\/users\/2"}],"replies":[{"embeddable":true,"href":"https:\/\/www.europesays.com\/fr\/wp-json\/wp\/v2\/comments?post=254130"}],"version-history":[{"count":0,"href":"https:\/\/www.europesays.com\/fr\/wp-json\/wp\/v2\/posts\/254130\/revisions"}],"wp:featuredmedia":[{"embeddable":true,"href":"https:\/\/www.europesays.com\/fr\/wp-json\/wp\/v2\/media\/254131"}],"wp:attachment":[{"href":"https:\/\/www.europesays.com\/fr\/wp-json\/wp\/v2\/media?parent=254130"}],"wp:term":[{"taxonomy":"category","embeddable":true,"href":"https:\/\/www.europesays.com\/fr\/wp-json\/wp\/v2\/categories?post=254130"},{"taxonomy":"post_tag","embeddable":true,"href":"https:\/\/www.europesays.com\/fr\/wp-json\/wp\/v2\/tags?post=254130"}],"curies":[{"name":"wp","href":"https:\/\/api.w.org\/{rel}","templated":true}]}}