{"id":254134,"date":"2025-07-17T14:43:11","date_gmt":"2025-07-17T14:43:11","guid":{"rendered":"https:\/\/www.europesays.com\/fr\/254134\/"},"modified":"2025-07-17T14:43:11","modified_gmt":"2025-07-17T14:43:11","slug":"la-techno-parade-annulee-jack-lang-son-createur-denonce-une-humiliation","status":"publish","type":"post","link":"https:\/\/www.europesays.com\/fr\/254134\/","title":{"rendered":"La Techno Parade annul\u00e9e, Jack Lang son cr\u00e9ateur d\u00e9nonce une \u00ab\u00a0humiliation\u00a0\u00bb"},"content":{"rendered":"<p>        <img decoding=\"async\" loading=\"lazy\" src=\"https:\/\/www.europesays.com\/fr\/wp-content\/uploads\/2025\/07\/55bfe81_upload-1-7uogleemvbhf-000-33wc7le.jpg\"  width=\"728\" height=\"410\" alt=\"La Techno Parade annul\u00e9e, Jack Lang son cr\u00e9ateur d\u00e9nonce une \u00ab\u00a0humiliation\u00a0\u00bb (Photo de la Techno Parade \u00e0 Paris en 2023) \"\/>  <\/p>\n<p>GEOFFROY VAN DER HASSELT \/ AFP<\/p>\n<p>La Techno Parade annul\u00e9e, Jack Lang son cr\u00e9ateur d\u00e9nonce une \u00ab\u00a0humiliation\u00a0\u00bb (Photo de la Techno Parade \u00e0 Paris en 2023) <\/p>\n<p class=\"asset asset-text\">CULTURE &#8211; L\u2019outrage. <a href=\"https:\/\/www.huffingtonpost.fr\/actualites\/article\/techno-parade-mort-d-un-jeune-homme-tombe-du-haut-de-la-statue-de-la-republique-a-paris_62413.html\" rel=\"nofollow noopener\" target=\"_blank\">La Techno Parade<\/a> a \u00e9t\u00e9 annul\u00e9e pour la seconde ann\u00e9e cons\u00e9cutive, mais cette fois-ci, ce n\u2019est pas \u00e0 cause du Covid ou des JO de Paris, mais par manque de budget. Une premi\u00e8re depuis 1998, souligne l\u2019AFP. Pour l\u2019ancien ministre de la Culture <a href=\"https:\/\/www.huffingtonpost.fr\/justice\/article\/jack-lang-vise-par-une-enquete-preliminaire-pour-abus-de-biens-sociaux_144310.html\" rel=\"nofollow noopener\" target=\"_blank\">Jack Lang<\/a>, \u00e0 l\u2019initiative d\u00e8s 1997 de<a href=\"https:\/\/www.huffingtonpost.fr\/actualites\/video\/a-paris-extinction-rebellion-a-improvise-une-techno-parade_152831.html\" rel=\"nofollow noopener\" target=\"_blank\"> cet \u00e9v\u00e9nement <\/a>sur le mode de la Love\u00a0Parade\u00a0de Berlin, cette annulation ne passe pas.<\/p>\n<p class=\"asset asset-text\">C\u2019est \u00ab\u00a0une humiliation pour Paris, la France et la French Touch, au moment m\u00eame o\u00f9 le pr\u00e9sident Macron a propos\u00e9 l\u2019inscription de la French Touch qui r\u00e9unit les grands noms de la musique \u00e9lectro au patrimoine de l\u2019Unesco\u00a0\u00bb, a-t-il d\u00e9clar\u00e9, joint par l\u2019AFP.<\/p>\n<p class=\"asset asset-text\">\u00ab\u00a0Cette annulation est le fruit d\u2019une imp\u00e9ritie. Paris est aux abonn\u00e9s absents, alors m\u00eame que Berlin vient de scintiller de tous ses feux avec la \u201cLove Parade\u201d samedi dernier. La tristesse sera grande dans le c\u0153ur de nombreux amoureux en France de la musique \u00e9lectronique\u00a0\u00bb, a-t-il ajout\u00e9.<\/p>\n<p class=\"asset asset-text\">Pour l\u2019ancien ministre, \u00ab\u00a0la musique \u00e9lectronique a besoin d\u2019un grand \u00e9v\u00e9nement populaire. L\u2019argent se trouve et les concours s\u2019obtiennent. Il faut que la Mairie de Paris et l\u2019\u00c9tat prennent une initiative forte dans les prochains temps\u00a0\u00bb.<\/p>\n<p>                     L\u2019\u00e9dition 2026\u00a0en pr\u00e9paration    <\/p>\n<p class=\"asset asset-text\">Cette vitrine festive des musiques \u00e9lectro en France, n\u2019aura pas lieu cette ann\u00e9e \u00e0 Paris en raison de difficult\u00e9s financi\u00e8res. L\u2019\u00e9v\u00e9nement est \u00ab\u00a0principalement soutenu par les marques priv\u00e9es, (or) celles-ci sont de plus en plus difficiles \u00e0 mobiliser\u00a0\u00bb, a annonc\u00e9 dans un communiqu\u00e9 \u00e0 l\u2019AFP l\u2019association Technopol qui organise l\u2019\u00e9v\u00e8nement depuis 1998.<\/p>\n<p class=\"asset asset-text\">\u00ab\u00a0L\u2019objectif est clair (&#8230;) La prochaine \u00e9dition aura lieu en 2026, cette ann\u00e9e (ndlr 2025) \u00e9tant marqu\u00e9e par une r\u00e9flexion avec les partenaires publics et priv\u00e9s sur un mod\u00e8le renouvel\u00e9 et tout aussi ambitieux de la\u00a0Techno\u00a0parade, plus de 25\u00a0ans apr\u00e8s sa cr\u00e9ation\u00a0\u00bb, explique Technopol. \u00ab\u00a0Nous avons donc pris la d\u00e9cision de repenser notre mod\u00e8le de financement, travailler avec des partenaires sur le long terme, afin de pr\u00e9server notre \u00e9v\u00e9nement et le faire vivre sur la dur\u00e9e\u00a0\u00bb, ajoute l\u2019association.<\/p>\n<p class=\"asset asset-text\">\u00ab\u00a0Nous avons d\u2019ores et avons d\u00e9j\u00e0 des marques d\u2019int\u00e9r\u00eat de la part de partenaires priv\u00e9s (&#8230;) L\u2019\u00e9dition 2026 sera d\u2019autant plus marquante car Technopol travaille actuellement, avec nos amis de Radio FG, sur une inscription des \u201cMusiques \u00e9lectroniques fran\u00e7aises\u201d \u00e0 l\u2019inventaire national du Patrimoine culturel immat\u00e9riel de l\u2019Unesco\u00a0\u00bb, souligne Technopol, rappelant que le pr\u00e9sident Macron s\u2019y est dit favorable.<\/p>\n<p>                     Une derni\u00e8re \u00e9dition \u00e0 400.000\u00a0participants    <\/p>\n<p class=\"asset asset-text\">La derni\u00e8re \u00e9dition remonte \u00e0 2023 avec quelque 400.000 participants \u2013 un record &#8211; \u00e0 l\u2019occasion du 25e\u00a0anniversaire. Depuis la cr\u00e9ation de la\u00a0Techno\u00a0Parade\u00a0en 1998, deux autres \u00e9ditions n\u2019ont pas eu lieu\u00a0: en 2001, au lendemain des attentats du 11-Septembre, en 2020 et 2021 en raison de la crise sanitaire.<\/p>\n<p class=\"asset asset-text\">La premi\u00e8re\u00a0Techno\u00a0Parade\u00a0s\u2019est tenue le 19\u00a0septembre\u00a01998, r\u00e9unissant 200.000 personnes \u00ab\u00a0pour la d\u00e9fense et la reconnaissance des musiques \u00e9lectroniques\u00a0\u00bb, alors diabolis\u00e9es. Depuis, elle revendique 143\u00a0km parcourus dans les rues de Paris, avec plus de 350 chars et leurs \u00ab\u00a0sound systems\u00a0\u00bb, 2.000 Djs et 6,3\u00a0millions de participants.<\/p>\n<p class=\"asset asset-text\">Technopol donne toutefois rendez-vous aux fans d\u2019\u00e9lectro du 11 au 14\u00a0septembre \u00e0 la Cit\u00e9 fertile de Pantin (Seine-Saint-Denis) avec la \u00ab\u00a0Paris Electronic Week\u00a0\u00bb, d\u00e9di\u00e9e aux musiques \u00e9lectroniques.<\/p>\n","protected":false},"excerpt":{"rendered":"GEOFFROY VAN DER HASSELT \/ AFP La Techno Parade annul\u00e9e, Jack Lang son cr\u00e9ateur d\u00e9nonce une \u00ab\u00a0humiliation\u00a0\u00bb (Photo&hellip;\n","protected":false},"author":2,"featured_media":254135,"comment_status":"","ping_status":"","sticky":false,"template":"","format":"standard","meta":{"footnotes":""},"categories":[2],"tags":[11,251,1011,27,33182,873,12,25],"class_list":{"0":"post-254134","1":"post","2":"type-post","3":"status-publish","4":"format-standard","5":"has-post-thumbnail","7":"category-actualites","8":"tag-actualites","9":"tag-culture","10":"tag-fr","11":"tag-france","12":"tag-jack-lang","13":"tag-musique","14":"tag-news","15":"tag-republique-francaise"},"share_on_mastodon":{"url":"https:\/\/pubeurope.com\/@fr\/114869108951905307","error":""},"_links":{"self":[{"href":"https:\/\/www.europesays.com\/fr\/wp-json\/wp\/v2\/posts\/254134","targetHints":{"allow":["GET"]}}],"collection":[{"href":"https:\/\/www.europesays.com\/fr\/wp-json\/wp\/v2\/posts"}],"about":[{"href":"https:\/\/www.europesays.com\/fr\/wp-json\/wp\/v2\/types\/post"}],"author":[{"embeddable":true,"href":"https:\/\/www.europesays.com\/fr\/wp-json\/wp\/v2\/users\/2"}],"replies":[{"embeddable":true,"href":"https:\/\/www.europesays.com\/fr\/wp-json\/wp\/v2\/comments?post=254134"}],"version-history":[{"count":0,"href":"https:\/\/www.europesays.com\/fr\/wp-json\/wp\/v2\/posts\/254134\/revisions"}],"wp:featuredmedia":[{"embeddable":true,"href":"https:\/\/www.europesays.com\/fr\/wp-json\/wp\/v2\/media\/254135"}],"wp:attachment":[{"href":"https:\/\/www.europesays.com\/fr\/wp-json\/wp\/v2\/media?parent=254134"}],"wp:term":[{"taxonomy":"category","embeddable":true,"href":"https:\/\/www.europesays.com\/fr\/wp-json\/wp\/v2\/categories?post=254134"},{"taxonomy":"post_tag","embeddable":true,"href":"https:\/\/www.europesays.com\/fr\/wp-json\/wp\/v2\/tags?post=254134"}],"curies":[{"name":"wp","href":"https:\/\/api.w.org\/{rel}","templated":true}]}}