{"id":254140,"date":"2025-07-17T14:47:10","date_gmt":"2025-07-17T14:47:10","guid":{"rendered":"https:\/\/www.europesays.com\/fr\/254140\/"},"modified":"2025-07-17T14:47:10","modified_gmt":"2025-07-17T14:47:10","slug":"posolo-tuilagi-paul-willemse-tomas-lavanini-les-flops-de-la-saison-2024-2025","status":"publish","type":"post","link":"https:\/\/www.europesays.com\/fr\/254140\/","title":{"rendered":"Posolo Tuilagi, Paul Willemse, Tomas Lavanini&#8230;. : Les FLOPS de la saison 2024 \/ 2025"},"content":{"rendered":"<p>Dans son \u00e9dition de lundi, Midi Olympique d\u00e9voile son TOP 10 des meilleurs deuxi\u00e8me ligne du Top 14 version 2024 \/ 2025.<\/p>\n<p>Aussi, le bi-hebdomadaire en profite pour donner sa liste des deuxi\u00e8me ligne qui ont d\u00e9\u00e7u lors de la saison 2024 \/ 2025.<\/p>\n<p>Six joueurs sont cit\u00e9s au total.<\/p>\n<p>On y retrouve des noms tr\u00e8s connus comme le Catalan Posolo Tuilagi et le Montpelli\u00e9rain Tomas Lavanini.<\/p>\n<p><strong>Voici les six deuxi\u00e8me ligne qui ont rat\u00e9 leur saison :\u00a0<\/strong><\/p>\n<p>\u2013 Tomas Lavanini (Lyon)<br \/>\u2013 Veikoso Poloniati (Bayonne)<br \/>\u2013 Marvin Orie (Perpignan)<br \/>\u2013 Paul Willemse (Montpellier)<br \/>\u2013 Tom Staniforth (Castres)<br \/>\u2013 Posolo Tuilagi (Perpignan)<\/p>\n","protected":false},"excerpt":{"rendered":"Dans son \u00e9dition de lundi, Midi Olympique d\u00e9voile son TOP 10 des meilleurs deuxi\u00e8me ligne du Top 14&hellip;\n","protected":false},"author":2,"featured_media":254141,"comment_status":"","ping_status":"","sticky":false,"template":"","format":"standard","meta":{"footnotes":""},"categories":[1416],"tags":[1011,27,479,1468,60],"class_list":{"0":"post-254140","1":"post","2":"type-post","3":"status-publish","4":"format-standard","5":"has-post-thumbnail","7":"category-rugby","8":"tag-fr","9":"tag-france","10":"tag-rugby","11":"tag-rugby-football","12":"tag-sports"},"share_on_mastodon":{"url":"https:\/\/pubeurope.com\/@fr\/114869124670306091","error":""},"_links":{"self":[{"href":"https:\/\/www.europesays.com\/fr\/wp-json\/wp\/v2\/posts\/254140","targetHints":{"allow":["GET"]}}],"collection":[{"href":"https:\/\/www.europesays.com\/fr\/wp-json\/wp\/v2\/posts"}],"about":[{"href":"https:\/\/www.europesays.com\/fr\/wp-json\/wp\/v2\/types\/post"}],"author":[{"embeddable":true,"href":"https:\/\/www.europesays.com\/fr\/wp-json\/wp\/v2\/users\/2"}],"replies":[{"embeddable":true,"href":"https:\/\/www.europesays.com\/fr\/wp-json\/wp\/v2\/comments?post=254140"}],"version-history":[{"count":0,"href":"https:\/\/www.europesays.com\/fr\/wp-json\/wp\/v2\/posts\/254140\/revisions"}],"wp:featuredmedia":[{"embeddable":true,"href":"https:\/\/www.europesays.com\/fr\/wp-json\/wp\/v2\/media\/254141"}],"wp:attachment":[{"href":"https:\/\/www.europesays.com\/fr\/wp-json\/wp\/v2\/media?parent=254140"}],"wp:term":[{"taxonomy":"category","embeddable":true,"href":"https:\/\/www.europesays.com\/fr\/wp-json\/wp\/v2\/categories?post=254140"},{"taxonomy":"post_tag","embeddable":true,"href":"https:\/\/www.europesays.com\/fr\/wp-json\/wp\/v2\/tags?post=254140"}],"curies":[{"name":"wp","href":"https:\/\/api.w.org\/{rel}","templated":true}]}}