{"id":254143,"date":"2025-07-17T14:50:10","date_gmt":"2025-07-17T14:50:10","guid":{"rendered":"https:\/\/www.europesays.com\/fr\/254143\/"},"modified":"2025-07-17T14:50:10","modified_gmt":"2025-07-17T14:50:10","slug":"martin-reste-chez-aprilia-en-2026","status":"publish","type":"post","link":"https:\/\/www.europesays.com\/fr\/254143\/","title":{"rendered":"Mart\u00edn reste chez Aprilia en 2026"},"content":{"rendered":"<p>Jorge Mart\u00edn (Aprilia Racing) a confirm\u00e9 qu&rsquo;il resterait chez Aprilia Racing en 2026. Apr\u00e8s avoir d\u00e9clar\u00e9 sur les r\u00e9seaux sociaux qu&rsquo;il avait activ\u00e9 une clause de d\u00e9part pour la fin de la saison et qu&rsquo;Aprilia a r\u00e9pondu qu&rsquo;il \u00e9tait sous contrat en 2026, cette histoire conna\u00eet enfin son d\u00e9nouement : l&rsquo;Espagnol reste.<\/p>\n<p>Le n\u00b01 reprend la comp\u00e9tition ce week-end \u00e0 Brno et a confirm\u00e9 l&rsquo;information en conf\u00e9rence de presse jeudi. Devant les m\u00e9dias, il a \u00e9galement \u00e9voqu\u00e9 son ann\u00e9e difficile jusqu&rsquo;\u00e0 pr\u00e9sent ainsi que l&rsquo;avenir qui l&rsquo;attend maintenant qu&rsquo;il est pr\u00eat \u00e0 reprendre la piste.<\/p>\n","protected":false},"excerpt":{"rendered":"Jorge Mart\u00edn (Aprilia Racing) a confirm\u00e9 qu&rsquo;il resterait chez Aprilia Racing en 2026. Apr\u00e8s avoir d\u00e9clar\u00e9 sur les&hellip;\n","protected":false},"author":2,"featured_media":254144,"comment_status":"","ping_status":"","sticky":false,"template":"","format":"standard","meta":{"footnotes":""},"categories":[1413],"tags":[1011,27,1457,1456,60,2032],"class_list":{"0":"post-254143","1":"post","2":"type-post","3":"status-publish","4":"format-standard","5":"has-post-thumbnail","7":"category-moto","8":"tag-fr","9":"tag-france","10":"tag-moto","11":"tag-motocycle","12":"tag-sports","13":"tag-text"},"share_on_mastodon":{"url":"https:\/\/pubeurope.com\/@fr\/114869136433248863","error":""},"_links":{"self":[{"href":"https:\/\/www.europesays.com\/fr\/wp-json\/wp\/v2\/posts\/254143","targetHints":{"allow":["GET"]}}],"collection":[{"href":"https:\/\/www.europesays.com\/fr\/wp-json\/wp\/v2\/posts"}],"about":[{"href":"https:\/\/www.europesays.com\/fr\/wp-json\/wp\/v2\/types\/post"}],"author":[{"embeddable":true,"href":"https:\/\/www.europesays.com\/fr\/wp-json\/wp\/v2\/users\/2"}],"replies":[{"embeddable":true,"href":"https:\/\/www.europesays.com\/fr\/wp-json\/wp\/v2\/comments?post=254143"}],"version-history":[{"count":0,"href":"https:\/\/www.europesays.com\/fr\/wp-json\/wp\/v2\/posts\/254143\/revisions"}],"wp:featuredmedia":[{"embeddable":true,"href":"https:\/\/www.europesays.com\/fr\/wp-json\/wp\/v2\/media\/254144"}],"wp:attachment":[{"href":"https:\/\/www.europesays.com\/fr\/wp-json\/wp\/v2\/media?parent=254143"}],"wp:term":[{"taxonomy":"category","embeddable":true,"href":"https:\/\/www.europesays.com\/fr\/wp-json\/wp\/v2\/categories?post=254143"},{"taxonomy":"post_tag","embeddable":true,"href":"https:\/\/www.europesays.com\/fr\/wp-json\/wp\/v2\/tags?post=254143"}],"curies":[{"name":"wp","href":"https:\/\/api.w.org\/{rel}","templated":true}]}}