{"id":254145,"date":"2025-07-17T14:51:10","date_gmt":"2025-07-17T14:51:10","guid":{"rendered":"https:\/\/www.europesays.com\/fr\/254145\/"},"modified":"2025-07-17T14:51:10","modified_gmt":"2025-07-17T14:51:10","slug":"decouvrez-pablo-vainqueur-du-jeu-concours-spa-grand-prix-x-autohebdo","status":"publish","type":"post","link":"https:\/\/www.europesays.com\/fr\/254145\/","title":{"rendered":"D\u00e9couvrez Pablo, vainqueur du jeu-concours Spa Grand Prix x Autohebdo"},"content":{"rendered":"<p>\n                Du 23 au 27 juillet, Pablo vous fera d\u00e9couvrir de l\u2019int\u00e9rieur le Grand Prix de Belgique de Formule 1, apr\u00e8s avoir remport\u00e9 le jeu-concours organis\u00e9 par Autohebdo en collaboration avec Spa Grand Prix. Originaire de la province de Li\u00e8ge, ce r\u00e9gional de l\u2019\u00e9tape vivra une exp\u00e9rience hors du commun, quelques mois apr\u00e8s avoir lanc\u00e9 son compte Instagram avec sa comp\u00e8re, Nora.\n            <\/p>\n","protected":false},"excerpt":{"rendered":"Du 23 au 27 juillet, Pablo vous fera d\u00e9couvrir de l\u2019int\u00e9rieur le Grand Prix de Belgique de Formule&hellip;\n","protected":false},"author":2,"featured_media":254146,"comment_status":"","ping_status":"","sticky":false,"template":"","format":"standard","meta":{"footnotes":""},"categories":[1412],"tags":[903,1451,1452,1453,1454,1455,1011,27,39448,39449,60],"class_list":{"0":"post-254145","1":"post","2":"type-post","3":"status-publish","4":"format-standard","5":"has-post-thumbnail","7":"category-f1","8":"tag-concours","9":"tag-f1","10":"tag-formula-1","11":"tag-formula1","12":"tag-formule-1","13":"tag-formule1","14":"tag-fr","15":"tag-france","16":"tag-grand-prix-de-belgique","17":"tag-spa-grand-prix","18":"tag-sports"},"share_on_mastodon":{"url":"https:\/\/pubeurope.com\/@fr\/114869140403564346","error":""},"_links":{"self":[{"href":"https:\/\/www.europesays.com\/fr\/wp-json\/wp\/v2\/posts\/254145","targetHints":{"allow":["GET"]}}],"collection":[{"href":"https:\/\/www.europesays.com\/fr\/wp-json\/wp\/v2\/posts"}],"about":[{"href":"https:\/\/www.europesays.com\/fr\/wp-json\/wp\/v2\/types\/post"}],"author":[{"embeddable":true,"href":"https:\/\/www.europesays.com\/fr\/wp-json\/wp\/v2\/users\/2"}],"replies":[{"embeddable":true,"href":"https:\/\/www.europesays.com\/fr\/wp-json\/wp\/v2\/comments?post=254145"}],"version-history":[{"count":0,"href":"https:\/\/www.europesays.com\/fr\/wp-json\/wp\/v2\/posts\/254145\/revisions"}],"wp:featuredmedia":[{"embeddable":true,"href":"https:\/\/www.europesays.com\/fr\/wp-json\/wp\/v2\/media\/254146"}],"wp:attachment":[{"href":"https:\/\/www.europesays.com\/fr\/wp-json\/wp\/v2\/media?parent=254145"}],"wp:term":[{"taxonomy":"category","embeddable":true,"href":"https:\/\/www.europesays.com\/fr\/wp-json\/wp\/v2\/categories?post=254145"},{"taxonomy":"post_tag","embeddable":true,"href":"https:\/\/www.europesays.com\/fr\/wp-json\/wp\/v2\/tags?post=254145"}],"curies":[{"name":"wp","href":"https:\/\/api.w.org\/{rel}","templated":true}]}}