{"id":25415,"date":"2025-04-14T23:20:11","date_gmt":"2025-04-14T23:20:11","guid":{"rendered":"https:\/\/www.europesays.com\/fr\/25415\/"},"modified":"2025-04-14T23:20:11","modified_gmt":"2025-04-14T23:20:11","slug":"sa-disparition-change-la-face-de-ce-quartier","status":"publish","type":"post","link":"https:\/\/www.europesays.com\/fr\/25415\/","title":{"rendered":"sa disparition change la face de ce quartier"},"content":{"rendered":"<p>            Par<br \/>\n        <strong><br \/>\n            <a href=\"https:\/\/actu.fr\/auteur\/david-saint-sernin\" title=\"Consulter tous les articles de David Saint-Sernin\" rel=\"nofollow noopener\" target=\"_blank\">David Saint-Sernin<\/a><br \/>\n        <\/strong><\/p>\n<p>        Publi\u00e9 le<\/p>\n<p>            14 avr. 2025 \u00e0 6h46        <\/p>\n<p>C\u2019\u00e9tait <a href=\"https:\/\/actu.fr\/occitanie\/toulouse_31555\/l-une-des-plus-longues-barres-de-toulouse-va-etre-rasee-le-debut-d-une-cascade-de-chantiers-pour-ce-quartier_62334377.html\" rel=\"nofollow noopener\" target=\"_blank\">l\u2019une des plus longues barres d\u2019immeubles de Toulouse.<\/a> C\u2019est d\u00e9sormais un espace vide au coeur du <a href=\"https:\/\/actu.fr\/occitanie\/toulouse_31555\/les-vestiges-d-un-des-plus-anciens-centres-commerciaux-de-toulouse-vont-bientot-etre-demolis_62321058.html\" rel=\"nofollow noopener\" target=\"_blank\">quartier Empalot<\/a>.<\/p>\n<p class=\" wall-content\">Le b\u00e2timent situ\u00e9 27 rue de Menton, qui s\u2019\u00e9tirait sur plusieurs centaines de m\u00e8tres, a \u00e9t\u00e9 <strong>d\u00e9moli<\/strong> dans le courant du mois de mars, puis d\u00e9but avril.<\/p>\n<p class=\" wall-content\">Apr\u00e8s avoir \u00e9t\u00e9 d\u00e9construit de l\u2019int\u00e9rieur, le b\u00e2timent de 129 logements a \u00e9t\u00e9 ras\u00e9. Au d\u00e9but du mois, il ne restait du b\u00e2timent que des amas de b\u00e9ton, des armatures en m\u00e9tal. Un petit bout de l\u2019immeuble restait tout de m\u00eame encore debout lors du passage d\u2018Actu Toulouse le 4 avril.<\/p>\n<p>      <img   decoding=\"async\" loading=\"lazy\" src=\"https:\/\/www.europesays.com\/fr\/wp-content\/uploads\/2025\/04\/img-6064-960x640.jpg\" alt=\"Le 4 avril 2025, de l'immeuble de 129 logements, il ne restait qu'un petit vestige encore debout. \" width=\"960\" height=\"640\"\/><br \/>\n    Le 4\u00a0avril 2025, de l\u2019immeuble de 129 logements, il ne restait qu\u2019un petit vestige encore debout. (\u00a9David Saint-Sernin\/Actu Toulouse)<\/p>\n<p class=\" wall-content\">Avec la disparition de la barre de la rue de Menton, nomm\u00e9e la r\u00e9sidence Le Mail, c\u2019est un autre pan de l\u2019histoire du quartier Empalot qui dispara\u00eet. Il y a quelques mois, le b\u00e2timent situ\u00e9 juste \u00e0 c\u00f4t\u00e9, au num\u00e9ro 26, regroupant 40 logements, avait d\u00e9j\u00e0 \u00e9t\u00e9 d\u00e9moli.<\/p>\n<p>Vid\u00e9os : en ce moment sur ActuUn \u00ab\u2009mail\u2009\u00bb plus visible au gr\u00e9 des d\u00e9molitions<\/p>\n<p class=\" wall-content\">La d\u00e9molition de ces deux grands ensembles, \u00e0 quelques mois d\u2019intervalle, lib\u00e8re un vaste espace juste \u00e0 c\u00f4t\u00e9 d\u2019une grande all\u00e9e arbor\u00e9e. Cette grande all\u00e9e a \u00e9t\u00e9 fl\u00e9ch\u00e9e comme devant devenir le jardin de Daste, un long mail de verdure en bordure du quartier.<\/p>\n<p class=\" wall-content\">\u00ab\u2009Le mail, aujourd\u2019hui \u00e0 l\u2019arri\u00e8re de tout, devient un espace public majeur, un espace \u00ab\u2009de devant\u2009\u00bb et de desserte des fronts b\u00e2tis qu\u2019il structure, un parvis des \u00e9quipements de quartier qu\u2019il adresse\u2009\u00bb, expliquaient les urbanistes au d\u00e9but du projet. Ce mail devient d\u00e9sormais plus visible au gr\u00e9 des destructions.<\/p>\n<p>      <img   decoding=\"async\" loading=\"lazy\" src=\"https:\/\/www.europesays.com\/fr\/wp-content\/uploads\/2025\/04\/img-6067-960x640.jpg\" alt=\"Cette all\u00e9e arbor\u00e9e existe depuis la cr\u00e9ation du quartier. Elle doit \u00eatre mise en valeur dans le nouveau projet du quartier. \" width=\"960\" height=\"640\"\/><br \/>\n    Cette all\u00e9e arbor\u00e9e existe depuis la cr\u00e9ation du quartier. Elle doit \u00eatre mise en valeur dans le nouveau projet du quartier. (\u00a9David Saint-Sernin\/Actu Toulouse)Un nouveau groupe scolaire<\/p>\n<p class=\" wall-content\">Dans les mois \u00e0 venir, les immeubles, d\u00e9truits, vont \u00eatre remplac\u00e9s par de nouvelles r\u00e9sidences plus petites. De l\u2019autre c\u00f4t\u00e9 du mail, c\u2019est un nouveau groupe scolaire d\u2019une capacit\u00e9 totale de 23 classes (9 classes de maternelles et de 14 classes \u00e9l\u00e9mentaires) qui doit ouvrir \u00e0 la rentr\u00e9e de septembre\u00a02025.<\/p>\n<p>152 logements bient\u00f4t d\u00e9molis<\/p>\n<p class=\" wall-content\">D\u2019ici la fin de l\u2019ann\u00e9e 2025, c\u2019est enfin un gros morceau qui s\u2019annonce avec la d\u00e9molition de la r\u00e9sidence Menton (152 logements) au 18 rue Menton. En ce mois de mars, il reste des habitants dans l\u2019immeuble. Avec cette d\u00e9molition, tous les grands ensembles de la rue de Menton seront de l\u2019histoire ancienne.<\/p>\n<p class=\" wall-content\">La face du quartier en sera profond\u00e9ment chang\u00e9e.<\/p>\n<p>      <img   decoding=\"async\" loading=\"lazy\" src=\"https:\/\/www.europesays.com\/fr\/wp-content\/uploads\/2025\/04\/20250305-132616-960x640.jpg\" alt=\"Cette grande barre, situ\u00e9e au 28 rue de Menton sera d\u00e9molie fin 2025. Il reste encore quelques habitants dans l'immeuble.\" width=\"960\" height=\"640\"\/><br \/>\n    Cette grande barre, situ\u00e9e au 18 rue de Menton sera d\u00e9molie fin 2025. Il reste encore quelques habitants dans l\u2019immeuble. (\u00a9David Saint-Sernin\/Actu Toulouse)<\/p>\n<p class=\" wall-content\">Suivez toute l\u2019actualit\u00e9 de vos villes et m\u00e9dias favoris en vous inscrivant \u00e0 <a href=\"https:\/\/moncompte.actu.fr\" title=\"D\u00e9couvez Mon Actu\" rel=\"nofollow noopener\" data-trk=\"{&quot;cta&quot;:{&quot;action&quot;:&quot;https:\\\/\\\/moncompte.actu.fr&quot;,&quot;category&quot;:&quot;mon compte&quot;,&quot;from&quot;:&quot;article footer&quot;,&quot;name&quot;:&quot;Mon actu&quot;,&quot;type&quot;:&quot;cta&quot;}}\" target=\"_blank\">Mon Actu<\/a>.<\/p>\n","protected":false},"excerpt":{"rendered":"Par David Saint-Sernin Publi\u00e9 le 14 avr. 2025 \u00e0 6h46 C\u2019\u00e9tait l\u2019une des plus longues barres d\u2019immeubles de&hellip;\n","protected":false},"author":2,"featured_media":25416,"comment_status":"","ping_status":"","sticky":false,"template":"","format":"standard","meta":{"footnotes":""},"categories":[2816],"tags":[1111,11,1777,674,1011,27,1116,12,2680,25,104,2312,2086],"class_list":{"0":"post-25415","1":"post","2":"type-post","3":"status-publish","4":"format-standard","5":"has-post-thumbnail","7":"category-toulouse","8":"tag-actu","9":"tag-actualites","10":"tag-eu","11":"tag-europe","12":"tag-fr","13":"tag-france","14":"tag-immobilier","15":"tag-news","16":"tag-occitanie","17":"tag-republique-francaise","18":"tag-societe","19":"tag-toulouse","20":"tag-travaux"},"share_on_mastodon":{"url":"https:\/\/pubeurope.com\/@fr\/114338884715819821","error":""},"_links":{"self":[{"href":"https:\/\/www.europesays.com\/fr\/wp-json\/wp\/v2\/posts\/25415","targetHints":{"allow":["GET"]}}],"collection":[{"href":"https:\/\/www.europesays.com\/fr\/wp-json\/wp\/v2\/posts"}],"about":[{"href":"https:\/\/www.europesays.com\/fr\/wp-json\/wp\/v2\/types\/post"}],"author":[{"embeddable":true,"href":"https:\/\/www.europesays.com\/fr\/wp-json\/wp\/v2\/users\/2"}],"replies":[{"embeddable":true,"href":"https:\/\/www.europesays.com\/fr\/wp-json\/wp\/v2\/comments?post=25415"}],"version-history":[{"count":0,"href":"https:\/\/www.europesays.com\/fr\/wp-json\/wp\/v2\/posts\/25415\/revisions"}],"wp:featuredmedia":[{"embeddable":true,"href":"https:\/\/www.europesays.com\/fr\/wp-json\/wp\/v2\/media\/25416"}],"wp:attachment":[{"href":"https:\/\/www.europesays.com\/fr\/wp-json\/wp\/v2\/media?parent=25415"}],"wp:term":[{"taxonomy":"category","embeddable":true,"href":"https:\/\/www.europesays.com\/fr\/wp-json\/wp\/v2\/categories?post=25415"},{"taxonomy":"post_tag","embeddable":true,"href":"https:\/\/www.europesays.com\/fr\/wp-json\/wp\/v2\/tags?post=25415"}],"curies":[{"name":"wp","href":"https:\/\/api.w.org\/{rel}","templated":true}]}}