{"id":254153,"date":"2025-07-17T14:55:13","date_gmt":"2025-07-17T14:55:13","guid":{"rendered":"https:\/\/www.europesays.com\/fr\/254153\/"},"modified":"2025-07-17T14:55:13","modified_gmt":"2025-07-17T14:55:13","slug":"a-saintes-la-galerie-victor-hugo-change-de-main","status":"publish","type":"post","link":"https:\/\/www.europesays.com\/fr\/254153\/","title":{"rendered":"\u00e0 Saintes, la galerie Victor-Hugo change de main"},"content":{"rendered":"<p>Un coup de c\u0153ur, une semi-boutade, des emb\u00fbches\u2026 et un nouvel avenir pour la galerie Victor-Hugo, situ\u00e9e en c\u0153ur de ville, \u00e0 Saintes. Le commerce est en pleine transmission douce entre Monique et Jean-Claude Gendre, les fondateurs, et J\u00e9r\u00f4me Robert, leur successeur.<\/p>\n<p>Voici un an, J\u00e9r\u00f4me Robert \u00e9tait missionn\u00e9 par son entreprise sp\u00e9cialis\u00e9e dans le rail pour une intervention aupr\u00e8s de la SNCF \u00e0 Saintes. Le \u00ab\u00a0d\u00e9pannage client\u00a0\u00bb \u00e9tait alors l\u2019occasion pour ce Parisien et sa compagne, Claire, de d\u00e9couvrir la r\u00e9gion. \u00ab\u00a0Claire cherchait \u00e0 acqu\u00e9rir une \u0153uvre.\u00a0\u00bb Sa qu\u00eate la conduit \u00e0 la galerie Victor-Hugo. Elle tombe sous le charme des lieux. Sa mission accomplie, J\u00e9r\u00f4me Robert, collectionneur d\u2019art et passionn\u00e9 d\u2019horlogerie, d\u00e9couvre \u00e0 son tour la galerie, sa cour, l\u2019immeuble et lance, mi-s\u00e9rieux mi-amus\u00e9, \u00e0 Monique Gendre\u00a0: \u00ab\u00a0Si c\u2019\u00e9tait \u00e0 vendre, j\u2019ach\u00e8terais.\u00a0\u00bb<\/p>\n<p>\u00ab\u00a0On vous confie notre b\u00e9b\u00e9\u00a0\u00bb<\/p>\n<p>Monique et Jean-Claude Gendre, qui cherchaient depuis quelque temps la bonne personne pour reprendre la galerie, saisissent la phrase lanc\u00e9e en l\u2019air. De son c\u00f4t\u00e9, J\u00e9r\u00f4me Robert, qui avait envie de quitter la vie parisienne et nourrissait le projet d\u2019avoir une galerie d\u2019art, s\u2019est dit que c\u2019\u00e9tait le moment. D\u2019autant que son travail ne l\u2019enracinait pas \u00e0 Paris. De fil en aiguille, le projet de cession s\u2019est affin\u00e9 jusqu\u2019\u00e0 \u00eatre sign\u00e9, en avril 2025. Sa compagne, Claire, le rejoindra sit\u00f4t la mutation obtenue.<\/p>\n<p>\u00ab\u00a0On vous confie notre b\u00e9b\u00e9\u00a0\u00bb, r\u00e9sument Monique et Jean-Claude Gendre, traduisant leur attachement \u00e0 ce lieu qu\u2019ils ont cr\u00e9\u00e9 en 1997. Le couple va rester dans les murs quelques semaines encore pour faciliter l\u2019installation de J\u00e9r\u00f4me Robert. Ce dernier s\u2019inscrit dans le respect de l\u2019\u00e2me de la galerie. Des \u00e9volutions interviendront mais il n\u2019entend pas bousculer le catalogue d\u2019artistes. Les \u201cJosepha\u201d resteront. C\u2019est avec Jean-Claude Gendre qu\u2019il a choisi d\u2019exposer l\u2019artiste Arka. La vraie r\u00e9volution se verra dans la communication. Instagram, nouveau site internet\u2026 \u00ab\u00a0C\u2019est du bonheur\u00a0\u00bb, conclut le nouveau galeriste.<\/p>\n<p>contact@galerievictorhugo.com<\/p>\n","protected":false},"excerpt":{"rendered":"Un coup de c\u0153ur, une semi-boutade, des emb\u00fbches\u2026 et un nouvel avenir pour la galerie Victor-Hugo, situ\u00e9e en&hellip;\n","protected":false},"author":2,"featured_media":254154,"comment_status":"","ping_status":"","sticky":false,"template":"","format":"standard","meta":{"footnotes":""},"categories":[1358],"tags":[1348,1384,1385,1386,58,59,1011,27],"class_list":{"0":"post-254153","1":"post","2":"type-post","3":"status-publish","4":"format-standard","5":"has-post-thumbnail","7":"category-arts-et-design","8":"tag-arts","9":"tag-arts-and-design","10":"tag-arts-et-design","11":"tag-design","12":"tag-divertissement","13":"tag-entertainment","14":"tag-fr","15":"tag-france"},"share_on_mastodon":{"url":"https:\/\/pubeurope.com\/@fr\/114869156143770663","error":""},"_links":{"self":[{"href":"https:\/\/www.europesays.com\/fr\/wp-json\/wp\/v2\/posts\/254153","targetHints":{"allow":["GET"]}}],"collection":[{"href":"https:\/\/www.europesays.com\/fr\/wp-json\/wp\/v2\/posts"}],"about":[{"href":"https:\/\/www.europesays.com\/fr\/wp-json\/wp\/v2\/types\/post"}],"author":[{"embeddable":true,"href":"https:\/\/www.europesays.com\/fr\/wp-json\/wp\/v2\/users\/2"}],"replies":[{"embeddable":true,"href":"https:\/\/www.europesays.com\/fr\/wp-json\/wp\/v2\/comments?post=254153"}],"version-history":[{"count":0,"href":"https:\/\/www.europesays.com\/fr\/wp-json\/wp\/v2\/posts\/254153\/revisions"}],"wp:featuredmedia":[{"embeddable":true,"href":"https:\/\/www.europesays.com\/fr\/wp-json\/wp\/v2\/media\/254154"}],"wp:attachment":[{"href":"https:\/\/www.europesays.com\/fr\/wp-json\/wp\/v2\/media?parent=254153"}],"wp:term":[{"taxonomy":"category","embeddable":true,"href":"https:\/\/www.europesays.com\/fr\/wp-json\/wp\/v2\/categories?post=254153"},{"taxonomy":"post_tag","embeddable":true,"href":"https:\/\/www.europesays.com\/fr\/wp-json\/wp\/v2\/tags?post=254153"}],"curies":[{"name":"wp","href":"https:\/\/api.w.org\/{rel}","templated":true}]}}