{"id":254155,"date":"2025-07-17T14:56:10","date_gmt":"2025-07-17T14:56:10","guid":{"rendered":"https:\/\/www.europesays.com\/fr\/254155\/"},"modified":"2025-07-17T14:56:10","modified_gmt":"2025-07-17T14:56:10","slug":"le-livre-sur-la-memoire-du-quartier-saint-lucien-remis-le-4-juillet-un-recit-qui-conte-plus-que-des-moments-de-vie","status":"publish","type":"post","link":"https:\/\/www.europesays.com\/fr\/254155\/","title":{"rendered":"Le livre sur la m\u00e9moire du quartier Saint-Lucien remis le 4 juillet, un r\u00e9cit qui conte plus que des moments de vie"},"content":{"rendered":"<p>Apr\u00e8s deux ans d\u2019ateliers, de conversations, de courriers et de pr\u00e9parations, le livre qui retrace la m\u00e9moire du quartier Saint-Lucien est sorti : La soive au banc des souvenirs.\u00a0<\/p>\n<p>Deux ans de travail. \u201cAu moins\u201d 150 participants aux ateliers. Des dizaines de jeunes ont toqu\u00e9 \u00e0, exactement, 486 portes. \u201cLe quartier Saint-Lucien, c\u2019est \u00e7a, c\u2019est vous, c\u2019est nous, c\u2019est tous ceux qui parlent et ceux qui ne parlent pas, qui racontent leurs souvenirs ou ceux qui s\u2019imaginent l\u2019apr\u00e8s\u201d.<\/p>\n<p>Tout \u00e7a, c\u2019est dans un livre <strong><a href=\"https:\/\/www.facebook.com\/profile.php?id=100070071074793\" rel=\"nofollow noopener\" target=\"_blank\">La soive au banc des souvenirs<\/a><\/strong>* (*titre propos\u00e9 par les habitants) remis vendredi 4 juillet aux habitants. \u201cCe n\u2019est que le commencement, clame d\u2019embl\u00e9e <strong>Abdelmajid Benbouha<\/strong>, coordinateur du projet et r\u00e9f\u00e9rent de la maison du projet. Dans 10 ans, 20 ans, il y aura d\u2019autres transformations du quartier, et donc peut-\u00eatre un autre ouvrage\u201d. <br \/>Car c\u2019est \u00e7a l\u2019essence m\u00eame du projet : cr\u00e9er des souvenirs, les retranscrire, les ressortir. \u201cQuand je suis arriv\u00e9 \u00e0 Saint-Lucien en 2006, je me suis aper\u00e7u qu\u2019il n\u2019y avait pas ou peu d\u2019archives sur le quartier. Au fil des ann\u00e9es, l\u2019id\u00e9e de r\u00e9aliser un travail de m\u00e9moire a m\u00fbri\u201d, explique le r\u00e9f\u00e9rent.\u00a0<\/p>\n<p>Une lettre venue de\u2026 Perpignan<\/p>\n<p>Deux ans d\u2019\u00e9motions, aussi. Apr\u00e8s les diff\u00e9rents ateliers, lorsque les uns racontent ce qu\u2019ils n\u2019ont jamais dit, lors du go\u00fbter des souvenirs, l\u2019an dernier, quand le projet se profile ou quand des t\u00e9moignages parviennent par courrier aux r\u00e9f\u00e9rents, comme cette lettre envoy\u00e9e de Perpignan\u2026 <\/p>\n<p>\u201cCelle-l\u00e0, c\u2019est la plus \u00e9mouvante que j\u2019ai pu lire\u201d, annonce sans h\u00e9siter Abdelmajid Benbouha. Mohamed, 82 ans est originaire de <strong>Saint-Lucien<\/strong> mais il n\u2019y vit plus depuis 1976. \u201cMon histoire est faite de blessures, d\u2019incompr\u00e9hensions, de souffrances surtout pour mes enfants m\u00eame si j\u2019ai tant bien que mal essay\u00e9 de les prot\u00e9ger du mieux que je pouvais\u201d, \u00e9crit-il en pr\u00e9misse. Avant d\u2019arriver en France, l\u2019homme \u00e9tait agriculteur en Alg\u00e9rie, jusqu\u2019\u00e0 ce que les attentats, les crimes et la guerre l\u2019obligent \u00e0 fuir ses terres, \u201csans avoir pu saluer les miens\u201d. <\/p>\n<p>Une fois en France, il est affect\u00e9 \u00e0 la <strong>caserne militaire de Soissons<\/strong>. C\u2019est en 1963 qu\u2019il s\u2019installe \u00e0 Beauvais et trouve un travail \u00e0 <strong><a href=\"https:\/\/www.masseyferguson.com\/fr_fr.html\" rel=\"nofollow noopener\" target=\"_blank\">Massey Ferguson<\/a><\/strong> o\u00f9 il restera jusqu\u2019en 1976. \u201cDurant toutes ces ann\u00e9es, je peux dire que j\u2019ai v\u00e9cu heureux \u00e0 Saint-Lucien. Je regardais le parc par ma fen\u00eatre en fumant ma cigarette. \u00c0 l\u2019\u00e9poque, je l\u2019appelais la for\u00eat.\u201d <\/p>\n<p>Mais le temps froid et gris de Picardie le convainc de partir vivre \u00e0 <strong>Perpignan<\/strong>. Quand Abdelmajid re\u00e7oit ce t\u00e9moignage, il ressent beaucoup d\u2019\u00e9motions. Surtout, cela illustre \u201cle choc des g\u00e9n\u00e9rations\u201d. Alors, \u00e0 la <strong>restitution de l\u2019ouvrage<\/strong> certains ne cachent pas leurs sentiments. \u201cJ\u2019ai vu des gens pleurer, d\u2019autres s\u2019\u00e9carter, certains d\u00e9j\u00e0 se projeter\u2026\u201d. <\/p>\n<p>Des id\u00e9es se glissaient m\u00eame dans la foule : \u201cIl faut en faire une pi\u00e8ce de th\u00e9\u00e2tre ou une com\u00e9die musicale !\u201d La responsable de la m\u00e9diath\u00e8que Ga\u00eblle Engrand, qui s\u2019est aussi charg\u00e9e de la mise en page du livre, trouve d\u2019ailleurs que l\u2019id\u00e9e \u201cm\u00e9rite d\u2019\u00eatre \u00e9tudi\u00e9e\u201d.\u00a0\u00a0<\/p>\n<p>Un flambeau interg\u00e9n\u00e9rationnel\u00a0<\/p>\n<p>En deux ans, il n\u2019a \u00e9videmment pas \u00e9t\u00e9 \u201c\u00e9vident de p\u00e9n\u00e9trer dans l\u2019intimit\u00e9 de tous ceux qui ne se confient pas\u201d. Comme pour Mohamed qui, \u201cen d\u00e9posant ces mots\u201d fait d\u00e9couvrir pour la premi\u00e8re fois son histoire \u00e0 ses filles, \u201cque je n\u2019ai jamais souhait\u00e9e \u00e9voquer pr\u00e9cis\u00e9ment\u201d. \u201cJ\u2019ai pr\u00e9f\u00e9r\u00e9 garder le silence en disant d\u2019une simple formule : c\u2019est la vie. La vie, c\u2019est aussi pouvoir communiquer son histoire \u00e0 ses proches. Saint-Lucien est pour moi la photographie de mon exode dont je ne me remettrai jamais\u201d.\u00a0<\/p>\n<p><strong>La soive au banc des souvenirs<\/strong> est donc bien plus qu\u2019un simple r\u00e9cit : c\u2019est un flambeau interg\u00e9n\u00e9rationnel, qui conte bien plus que des simples moments de vie.\u00a0<\/p>\n<p><strong>Informations :<\/strong>\u00a0<br \/>Le livre est disponible dans toutes les m\u00e9diath\u00e8ques de la ville ainsi qu\u2019\u00e0 plusieurs associations beauvaisiennes.\u00a0<\/p>\n<p><strong>Lire aussi : <a href=\"https:\/\/www.lobservateurdebeauvais.fr\/travaux-barre-b-avenue-fermee-ete-25\/\" target=\"_blank\" rel=\"noopener\">Travaux de d\u00e9molition de la barre B \u00e0 Beauvais : l\u2019avenue de l\u2019Europe ferme d\u00e8s le 21 juillet<\/a><\/strong><\/p>\n","protected":false},"excerpt":{"rendered":"Apr\u00e8s deux ans d\u2019ateliers, de conversations, de courriers et de pr\u00e9parations, le livre qui retrace la m\u00e9moire du&hellip;\n","protected":false},"author":2,"featured_media":254156,"comment_status":"","ping_status":"","sticky":false,"template":"","format":"standard","meta":{"footnotes":""},"categories":[1357],"tags":[39450,1379,58,59,1011,27,2003,1380,11119,5775,39451],"class_list":{"0":"post-254155","1":"post","2":"type-post","3":"status-publish","4":"format-standard","5":"has-post-thumbnail","7":"category-livres","8":"tag-beauvais","9":"tag-books","10":"tag-divertissement","11":"tag-entertainment","12":"tag-fr","13":"tag-france","14":"tag-livre","15":"tag-livres","16":"tag-mu00e9moire","17":"tag-quartier","18":"tag-saint-lucien"},"share_on_mastodon":{"url":"https:\/\/pubeurope.com\/@fr\/114869160026667784","error":""},"_links":{"self":[{"href":"https:\/\/www.europesays.com\/fr\/wp-json\/wp\/v2\/posts\/254155","targetHints":{"allow":["GET"]}}],"collection":[{"href":"https:\/\/www.europesays.com\/fr\/wp-json\/wp\/v2\/posts"}],"about":[{"href":"https:\/\/www.europesays.com\/fr\/wp-json\/wp\/v2\/types\/post"}],"author":[{"embeddable":true,"href":"https:\/\/www.europesays.com\/fr\/wp-json\/wp\/v2\/users\/2"}],"replies":[{"embeddable":true,"href":"https:\/\/www.europesays.com\/fr\/wp-json\/wp\/v2\/comments?post=254155"}],"version-history":[{"count":0,"href":"https:\/\/www.europesays.com\/fr\/wp-json\/wp\/v2\/posts\/254155\/revisions"}],"wp:featuredmedia":[{"embeddable":true,"href":"https:\/\/www.europesays.com\/fr\/wp-json\/wp\/v2\/media\/254156"}],"wp:attachment":[{"href":"https:\/\/www.europesays.com\/fr\/wp-json\/wp\/v2\/media?parent=254155"}],"wp:term":[{"taxonomy":"category","embeddable":true,"href":"https:\/\/www.europesays.com\/fr\/wp-json\/wp\/v2\/categories?post=254155"},{"taxonomy":"post_tag","embeddable":true,"href":"https:\/\/www.europesays.com\/fr\/wp-json\/wp\/v2\/tags?post=254155"}],"curies":[{"name":"wp","href":"https:\/\/api.w.org\/{rel}","templated":true}]}}