{"id":254157,"date":"2025-07-17T14:57:12","date_gmt":"2025-07-17T14:57:12","guid":{"rendered":"https:\/\/www.europesays.com\/fr\/254157\/"},"modified":"2025-07-17T14:57:12","modified_gmt":"2025-07-17T14:57:12","slug":"bfmtv-entend-monter-en-gamme-a-la-rentree-et-rebondir-face-a-cnews-17-07-2025-a-1539","status":"publish","type":"post","link":"https:\/\/www.europesays.com\/fr\/254157\/","title":{"rendered":"BFMTV entend monter en gamme \u00e0 la rentr\u00e9e et rebondir face \u00e0 CNews &#8211; 17\/07\/2025 \u00e0 15:39"},"content":{"rendered":"<p>        <img fetchpriority=\"high\" decoding=\"async\" src=\"https:\/\/www.europesays.com\/fr\/wp-content\/uploads\/2025\/07\/18ac7afa521dea9f18bbfc3887428b27-760x507.jpg\" alt=\"( AFP \/ LIONEL BONAVENTURE )\" loading=\"eager\" width=\"760\" height=\"507\" style=\"max-width: 100%!important; height: auto;\"\/><\/p>\n<p class=\"c-image-news__legend\">( AFP \/ LIONEL BONAVENTURE )<\/p>\n<p>\n Les responsables de BFMTV ont soulign\u00e9 jeudi l'\u00a0\u00bbextr\u00eame r\u00e9silience\u00a0\u00bb de la cha\u00eene d&rsquo;info, devanc\u00e9e par CNews, avant une rentr\u00e9e marqu\u00e9e par une volont\u00e9 de monter en gamme.\n<\/p>\n<p>\n D\u00e9but juin, la num\u00e9rotation des cha\u00eenes info (BFMTV, CNews, LCI et franceinfo) a chang\u00e9: elles ont \u00e9t\u00e9 regroup\u00e9es du canal 13 au 16, ce qui a relanc\u00e9 la concurrence. BFMTV esp\u00e8re une nouvelle dynamique face \u00e0 CNews, d\u00e9sormais leader r\u00e9guli\u00e8re des cha\u00eenes info en part d&rsquo;audience.\n<\/p>\n<p>\n \u00ab\u00a0On a reconstitu\u00e9 sur le canal 13 le socle\u00a0\u00bb des t\u00e9l\u00e9spectateurs \u00ab\u00a0qui fait de nous la cha\u00eene info la plus regard\u00e9e en audience cumul\u00e9e\u00a0\u00bb avec 12 millions de t\u00e9l\u00e9spectateurs en moyenne chaque jour, a affirm\u00e9 devant la presse Fabien Namias, directeur g\u00e9n\u00e9ral de BFMTV depuis un an.\n<\/p>\n<p>\n \u00ab\u00a0L&rsquo;objectif est de redevenir premier en part d&rsquo;audience \u00e0 l&rsquo;horizon de la pr\u00e9sidentielle\u00a0\u00bb de 2027, a-t-il pr\u00e9cis\u00e9 \u00e0 l&rsquo;AFP.\n<\/p>\n<p>\n La \u00ab\u00a0ligne \u00e9ditoriale\u00a0\u00bb est de \u00ab\u00a0sanctuariser l&rsquo;info au sein de notre offre\u00a0\u00bb, a appuy\u00e9 Jean-Philippe Baille, directeur g\u00e9n\u00e9ral d\u00e9l\u00e9gu\u00e9 \u00e0 l&rsquo;information du groupe RMC BFM. Et de lancer, dans un tacle de CNews: \u00ab\u00a0BFMTV ne deviendra pas une cha\u00eene d&rsquo;opinion mais de conviction\u00a0\u00bb.\n<\/p>\n<p>\n Elle a mis l&rsquo;accent sur l&rsquo;international ces derniers mois, et vise une mont\u00e9e en gamme, illustr\u00e9e par un nouvel habillage et un nouveau studio pour la matinale.\n<\/p>\n<p>\n Cette tranche strat\u00e9gique a \u00e9t\u00e9 \u00ab\u00a0repens\u00e9e de fond en comble\u00a0\u00bb, au service des actifs, explique Fabien Namias. Le journaliste Dominique Tenza, venu de M6, va la copr\u00e9senter avec Perrine Storme.\n<\/p>\n<p>\n Apr\u00e8s avoir fait face \u00e0 de nombreux d\u00e9parts depuis un an, BFMTV a sign\u00e9 quelques autres arriv\u00e9es. Notamment celle de Julien Arnaud, \u00e9vinc\u00e9 de \u00ab\u00a0T\u00e9l\u00e9matin\u00a0\u00bb sur France 2, qui prend la tranche 10h-12h. Marc Fauvelle, ancien directeur de l&rsquo;information de France Inter, remplace de 19H \u00e0 20H Benjamin Duhamel, parti pour cette radio.\n<\/p>\n<p>\n Le groupe RMC BFM est \u00ab\u00a0pouss\u00e9 par un actionnaire\u00a0\u00bb, l&rsquo;armateur CMA CGM depuis mi-2024, qui \u00ab\u00a0nous met du vent dans les voiles, qui a les moyens\u00a0\u00bb, a relev\u00e9 son directeur g\u00e9n\u00e9ral R\u00e9gis Ravanas.\n<\/p>\n<p>\n Le groupe, \u00ab\u00a0dans l&rsquo;information, arrive \u00e0 capter des jeunes\u00a0\u00bb et veut accentuer ce mouvement. En novembre, toutes les marques, de BFM Business aux d\u00e9clinaisons locales de BFM, seront regroup\u00e9es sur bfm.com, avec pour ambition d&rsquo;en faire \u00ab\u00a0la premi\u00e8re plateforme d&rsquo;information de France\u00a0\u00bb.\n<\/p>\n<p>\n En outre, l&rsquo;acquisition du m\u00e9dia vid\u00e9o en ligne Brut est sur les rails.<\/p>\n","protected":false},"excerpt":{"rendered":"( AFP \/ LIONEL BONAVENTURE ) Les responsables de BFMTV ont soulign\u00e9 jeudi l&rsquo;\u00a0\u00bbextr\u00eame r\u00e9silience\u00a0\u00bb de la cha\u00eene&hellip;\n","protected":false},"author":2,"featured_media":254158,"comment_status":"","ping_status":"","sticky":false,"template":"","format":"standard","meta":{"footnotes":""},"categories":[1356],"tags":[400,398,408,405,58,59,1011,27,403,402,399,404,401,252,406,1364,407],"class_list":{"0":"post-254157","1":"post","2":"type-post","3":"status-publish","4":"format-standard","5":"has-post-thumbnail","7":"category-television","8":"tag-action-cac-40","9":"tag-bourse-de-paris","10":"tag-boursorama","11":"tag-cotations","12":"tag-divertissement","13":"tag-entertainment","14":"tag-fr","15":"tag-france","16":"tag-indices-devises","17":"tag-investir","18":"tag-investissement","19":"tag-marche-boursier","20":"tag-sicav","21":"tag-television","22":"tag-trackers","23":"tag-tv","24":"tag-warrants"},"share_on_mastodon":{"url":"https:\/\/pubeurope.com\/@fr\/114869164278168433","error":""},"_links":{"self":[{"href":"https:\/\/www.europesays.com\/fr\/wp-json\/wp\/v2\/posts\/254157","targetHints":{"allow":["GET"]}}],"collection":[{"href":"https:\/\/www.europesays.com\/fr\/wp-json\/wp\/v2\/posts"}],"about":[{"href":"https:\/\/www.europesays.com\/fr\/wp-json\/wp\/v2\/types\/post"}],"author":[{"embeddable":true,"href":"https:\/\/www.europesays.com\/fr\/wp-json\/wp\/v2\/users\/2"}],"replies":[{"embeddable":true,"href":"https:\/\/www.europesays.com\/fr\/wp-json\/wp\/v2\/comments?post=254157"}],"version-history":[{"count":0,"href":"https:\/\/www.europesays.com\/fr\/wp-json\/wp\/v2\/posts\/254157\/revisions"}],"wp:featuredmedia":[{"embeddable":true,"href":"https:\/\/www.europesays.com\/fr\/wp-json\/wp\/v2\/media\/254158"}],"wp:attachment":[{"href":"https:\/\/www.europesays.com\/fr\/wp-json\/wp\/v2\/media?parent=254157"}],"wp:term":[{"taxonomy":"category","embeddable":true,"href":"https:\/\/www.europesays.com\/fr\/wp-json\/wp\/v2\/categories?post=254157"},{"taxonomy":"post_tag","embeddable":true,"href":"https:\/\/www.europesays.com\/fr\/wp-json\/wp\/v2\/tags?post=254157"}],"curies":[{"name":"wp","href":"https:\/\/api.w.org\/{rel}","templated":true}]}}