{"id":254161,"date":"2025-07-17T14:59:10","date_gmt":"2025-07-17T14:59:10","guid":{"rendered":"https:\/\/www.europesays.com\/fr\/254161\/"},"modified":"2025-07-17T14:59:10","modified_gmt":"2025-07-17T14:59:10","slug":"lol-2-0-jai-les-larmes-aux-yeux-en-regardant-cette-video-je-pleure-jai-trop-hate-cest-la-plus-belle-femme-du-monde-le-deuxieme-volet-de-ce-film-culte-des-annees-2000-debarque-bientot","status":"publish","type":"post","link":"https:\/\/www.europesays.com\/fr\/254161\/","title":{"rendered":"LOL 2.0 &#8211; \u00ab\u00a0J&rsquo;ai les larmes aux yeux en regardant cette vid\u00e9o\u00a0\u00bb, \u00ab\u00a0Je pleure\u00a0\u00bb, \u00ab\u00a0J&rsquo;ai trop h\u00e2te\u00a0\u00bb, \u00ab\u00a0C&rsquo;est la plus belle femme du monde\u00a0\u00bb : le deuxi\u00e8me volet de ce film culte des ann\u00e9es 2000 d\u00e9barque bient\u00f4t en salle et rend nostalgique toute une g\u00e9n\u00e9ration"},"content":{"rendered":"<p>En 2009, le film LOL (Laughing Out Loud) sortait sur les \u00e9crans. En quelques jours seulement, il rassemblait 3,6 millions de spectateurs en salle et s&rsquo;imposait comme le film culte des adolescents &#8211; autant que l&rsquo;\u00e9tait La Boum dans les ann\u00e9es 1980. Dans ce long-m\u00e9trage, <a data-i13n=\"cpos:1;pos:1\" href=\"https:\/\/fr.style.yahoo.com\/simone-lisa-azuelos-parle-syndrome-124539456.html\" data-ylk=\"slk:Lisa Azuelos;cpos:1;pos:1;elm:context_link;itc:0;sec:content-canvas;outcm:mb_qualified_link;_E:mb_qualified_link;ct:story;\" class=\"link  yahoo-link\" target=\"_blank\" rel=\"noopener\">Lisa Azuelos<\/a> passait au peigne fin les sujets de pr\u00e9dilection relatifs aux relations parents-adolescents. Et c&rsquo;est avec <a data-i13n=\"cpos:2;pos:1\" href=\"https:\/\/fr.style.yahoo.com\/cest-tellement-important-sophie-marceau-140824538.html\" data-ylk=\"slk:Sophie Marceau;cpos:2;pos:1;elm:context_link;itc:0;sec:content-canvas;outcm:mb_qualified_link;_E:mb_qualified_link;ct:story;\" class=\"link  yahoo-link\" target=\"_blank\" rel=\"noopener\">Sophie Marceau<\/a> et Christa Theret, qu&rsquo;elle d\u00e9cidait de le faire avec brio.<\/p>\n<p>Plus personne n&rsquo;esp\u00e9rait une suite. Et pourtant&#8230; 16 ans apr\u00e8s la sortie du film au <a data-i13n=\"cpos:3;pos:1\" href=\"https:\/\/fr.style.yahoo.com\/8-astuces-payer-place-cin%C3%A9ma-100000105.html\" data-ylk=\"slk:cin\u00e9ma;cpos:3;pos:1;elm:context_link;itc:0;sec:content-canvas;outcm:mb_qualified_link;_E:mb_qualified_link;ct:story;\" class=\"link  yahoo-link\" target=\"_blank\" rel=\"noopener\">cin\u00e9ma<\/a>, la r\u00e9alisatrice annon\u00e7ait remettre le couvert il y a quelques mois. Le tournage, qui avait d\u00e9but\u00e9 le 26 mai dernier, s&rsquo;est cl\u00f4tur\u00e9 au d\u00e9but du mois de juillet. Sortie pr\u00e9vue sur grand \u00e9cran en f\u00e9vrier prochain. Mais dans LOL 2.0, ce n&rsquo;est plus l&rsquo;histoire de Lola que l&rsquo;on suivra de pr\u00e8s, mais bien celle de sa m\u00e8re et de sa fratrerie.<\/p>\n<p>Anne a d\u00e9sormais 55 ans, et profite enfin de sa libert\u00e9 apr\u00e8s le d\u00e9part de ses enfants. Mais tout bascule lorsque sa fille Louise, 23 ans, revient vivre chez elle apr\u00e8s un \u00e9chec professionnel et sentimental. Et parce qu&rsquo;une surprise n&rsquo;arrive jamais seule : son fils Th\u00e9o lui annonce une heureuse nouvelle. Pas encore de bande-annonce officielle pour appuyer en images ce synopsis, mais les amateurs du premier volet sont d\u00e9j\u00e0 pr\u00eats pour la suite.<\/p>\n<p>\u00ab\u00a0\u00c7a me donne tellement envie de le voir ! Tout ce que j&rsquo;aime\u00a0\u00bb, confie Rapha\u00eblle sur Instagram. \u00ab\u00a0J&rsquo;ai tellement h\u00e2te ! Je regarde encore LOL avec ma fille de 15 ans\u00a0\u00bb, assure Elise. Et elle n&rsquo;est pas la seule \u00e0 avoir fait d\u00e9couvrir le premier opus \u00e0 ses enfants. Pascale en a fait de m\u00eame, et compte les jours avant de d\u00e9couvrir la suite avec ses adolescents au cin\u00e9ma. \u00ab\u00a0On a tr\u00e8s tr\u00e8s h\u00e2te de voir cette suite qu\u2019on attend depuis si longtemps\u00a0\u00bb, lance L\u00e9a un peu plus loin. \u00ab\u00a0Je sais d\u00e9j\u00e0 que je ne serai pas d\u00e9\u00e7ue ! Merci pour ce num\u00e9ro deux !\u00a0\u00bb<\/p>\n<blockquote class=\"caas-blockquote caas-pull-quote\">\n<p>\u00c0 travers LOL, et Sophie, vous avez su cr\u00e9er une parenth\u00e8se de douceur dans un monde souvent trop dur. Une Madeleine de Proust, un souffle d\u2019humanit\u00e9, un refuge.Une internaute, sur Instagram<\/p>\n<\/blockquote>\n<p>Les adolescents d&rsquo;hier n&rsquo;attendent plus que \u00e7a depuis l&rsquo;annonce du tournage. \u00ab\u00a0Quand le 1er est sorti, j&rsquo;\u00e9tais ado, et je me souviens l&rsquo;avoir vu six fois au cin\u00e9ma avant de l&rsquo;avoir en DVD et de le regarder en boucle\u00a0\u00bb, se rem\u00e9more Lorena avec \u00e9motion. \u00ab\u00a0J&rsquo;ai d\u00e9j\u00e0 des frissons de joie et de bonheur devant ces images\u00a0\u00bb, confie El\u00e9onore. \u00ab\u00a0J&rsquo;ai les larmes aux yeux rien qu&rsquo;en entendant cette chanson.\u00a0\u00bb <\/p>\n<p>\u00ab\u00a0Je suis s\u00fbre que \u00e7a va \u00eatre splendide\u00a0\u00bb, \u00ab\u00a0Un film qui s&rsquo;annonce \u00e9blouissant\u00a0\u00bb, \u00ab\u00a0Je vais pleurer\u00a0\u00bb, \u00ab\u00a0\u00c7a va \u00eatre g\u00e9nial\u00a0\u00bb, \u00ab\u00a0J&rsquo;en suis d\u00e9j\u00e0 folle\u00a0\u00bb, \u00ab\u00a0Je suis trop press\u00e9e de le voir !\u00a0\u00bb, &#8230; Nombreux sont ceux \u00e0 \u00eatre \u00e9mus. Et certains plus que d&rsquo;autres : \u00ab\u00a0\u00c0 travers LOL, et Sophie, vous avez su cr\u00e9er une parenth\u00e8se de douceur dans un monde souvent trop dur. Une Madeleine de Proust, un souffle d\u2019humanit\u00e9, un refuge. La BO du premier film que j&rsquo;\u00e9coute souvent r\u00e9sonne encore en moi, douce et famili\u00e8re. Et bien s\u00fbr, Sophie \u2026 On la conna\u00eet depuis La Boum. On a son \u00e2ge, et \u00e0 travers elle, c\u2019est un peu notre adolescence qui continue de vivre. Merci pour cette lumi\u00e8re que vous apportez au cin\u00e9ma fran\u00e7ais. H\u00e2te de d\u00e9couvrir la suite.\u00a0\u00bb<\/p>\n<p>Quant \u00e0 Sophie Marceau, les fans sont unanimes \u00e0 son sujet : \u00ab\u00a0Sophie Marceau c\u2019est genre une des femmes les plus belles du monde o\u00f9 c\u2019est moi ??? Jen peux up de tant de beaut\u00e9\u00a0\u00bb, \u00ab\u00a0Mais elle fait comment Sophie pour rester aussi belle et jeune&#8230; sans chirurgie \u00e7a ce voit. H\u00e2te de voir le film&#8230;\u00a0\u00bb, \u00ab\u00a0Sublime Sophie Marceau\u00a0\u00bb,&#8230;<\/p>\n<p>Un casting cinq \u00e9toiles pour ce deuxi\u00e8me volet<\/p>\n<p>C\u00f4t\u00e9 casting, on retrouve Tha\u00efs Alessandrin, la fille de Lisa Azuelos, qui incarnait d\u00e9j\u00e0 Louise \u00e0 l&rsquo;\u00e9cran il y a 16 ans. Sophie Marceau, \u00e9videmment, dans le r\u00f4le de Anne. Mais aussi Fran\u00e7oise Fabian, Alexandre Astier, Alexandre Kominek, Florence Foresti et Vincent Elbaz. Un casting cinq \u00e9toiles, mais qui laissent un petit go\u00fbt amer dans la bouche de certains. \u00ab\u00a0Sans Christa Theret c&rsquo;est bizarre\u00a0\u00bb, s&rsquo;\u00e9tonne Thierry. Effectivement, celle qui incarnait Lola \u00e0 l&rsquo;\u00e9cran en 2009 ne sera pas pr\u00e9sente pour la suite. Elle avait par le pass\u00e9 annonc\u00e9 ne pas vouloir participer \u00e0 ce projet. Du c\u00f4t\u00e9 des anciens, Pierre Niney r\u00e9serve encore sa r\u00e9ponse. J\u00e9r\u00e9my Capone, qui incarnait Ma\u00ebl, serait quant \u00e0 lui de retour \u00e0 l&rsquo;\u00e9cran pour les beaux yeux de ses admiratrices. Rendez-vous le 11 f\u00e9vrier prochain pour en savoir plus !<\/p>\n","protected":false},"excerpt":{"rendered":"En 2009, le film LOL (Laughing Out Loud) sortait sur les \u00e9crans. En quelques jours seulement, il rassemblait&hellip;\n","protected":false},"author":2,"featured_media":254162,"comment_status":"","ping_status":"","sticky":false,"template":"","format":"standard","meta":{"footnotes":""},"categories":[1354],"tags":[39452,58,59,6790,1346,1011,27,39453,39351,39217,1360,906],"class_list":{"0":"post-254161","1":"post","2":"type-post","3":"status-publish","4":"format-standard","5":"has-post-thumbnail","7":"category-films","8":"tag-christa-theret","9":"tag-divertissement","10":"tag-entertainment","11":"tag-film-culte","12":"tag-films","13":"tag-fr","14":"tag-france","15":"tag-la-plus-belle-femme-du-monde","16":"tag-lisa-azuelos","17":"tag-mois-de-juillet","18":"tag-movies","19":"tag-sophie-marceau"},"share_on_mastodon":{"url":"https:\/\/pubeurope.com\/@fr\/114869171907937307","error":""},"_links":{"self":[{"href":"https:\/\/www.europesays.com\/fr\/wp-json\/wp\/v2\/posts\/254161","targetHints":{"allow":["GET"]}}],"collection":[{"href":"https:\/\/www.europesays.com\/fr\/wp-json\/wp\/v2\/posts"}],"about":[{"href":"https:\/\/www.europesays.com\/fr\/wp-json\/wp\/v2\/types\/post"}],"author":[{"embeddable":true,"href":"https:\/\/www.europesays.com\/fr\/wp-json\/wp\/v2\/users\/2"}],"replies":[{"embeddable":true,"href":"https:\/\/www.europesays.com\/fr\/wp-json\/wp\/v2\/comments?post=254161"}],"version-history":[{"count":0,"href":"https:\/\/www.europesays.com\/fr\/wp-json\/wp\/v2\/posts\/254161\/revisions"}],"wp:featuredmedia":[{"embeddable":true,"href":"https:\/\/www.europesays.com\/fr\/wp-json\/wp\/v2\/media\/254162"}],"wp:attachment":[{"href":"https:\/\/www.europesays.com\/fr\/wp-json\/wp\/v2\/media?parent=254161"}],"wp:term":[{"taxonomy":"category","embeddable":true,"href":"https:\/\/www.europesays.com\/fr\/wp-json\/wp\/v2\/categories?post=254161"},{"taxonomy":"post_tag","embeddable":true,"href":"https:\/\/www.europesays.com\/fr\/wp-json\/wp\/v2\/tags?post=254161"}],"curies":[{"name":"wp","href":"https:\/\/api.w.org\/{rel}","templated":true}]}}