{"id":254163,"date":"2025-07-17T15:00:11","date_gmt":"2025-07-17T15:00:11","guid":{"rendered":"https:\/\/www.europesays.com\/fr\/254163\/"},"modified":"2025-07-17T15:00:11","modified_gmt":"2025-07-17T15:00:11","slug":"piercings-tatouages-face-a-la-penurie-de-sang-les-conditions-pour-les-dons-bientot-simplifiees-ouest-france","status":"publish","type":"post","link":"https:\/\/www.europesays.com\/fr\/254163\/","title":{"rendered":"Piercings, tatouages\u2026 Face \u00e0 la p\u00e9nurie de sang, les conditions pour les dons bient\u00f4t simplifi\u00e9es &#8211; Ouest-France"},"content":{"rendered":"<ol>\n<li><a href=\"https:\/\/news.google.com\/rss\/articles\/CBMi-AFBVV95cUxQdkxWTkxTYXE3am5hbjQwaU1YVnppdXZmUzVRV29lSHBsb0ZUNE5YOXBZV1M1UGtleExDV1EtMkliUlpsN3MzZDN0c1RIRl9qcmJlZVNIOS1RaFkzYWtiRlI5ZzdoVTMxeXJBUXdmWmpxTEVqZjZ2WXpvbVEyR2lmNWxzV3VHU1VkUTNtVXJfMTRtUXVESTlsM1VnaFE4M0RiWmF1Ri0ydU9LVjU3MEQ0ZE1BVzBPR3hGUlRZWk5ZeHlJdVp0a05BUzdPRmJaeHNSc2ZsbUVpUzJSUnBod3pfWW1qMi1LX3UyWFczR0g1MTNqeVJwRzNkaA?oc=5\" target=\"_blank\" rel=\"nofollow noopener\">Piercings, tatouages\u2026 Face \u00e0 la p\u00e9nurie de sang, les conditions pour les dons bient\u00f4t simplifi\u00e9es<\/a>&nbsp;&nbsp;Ouest-France<\/li>\n<li><a href=\"https:\/\/news.google.com\/rss\/articles\/CBMivAFBVV95cUxQbWxUMEFuWTd0RWw1RnU4YlUtamJhQ3VwMkRnNThXaGw0WURyVGFyemhHRUx0RDVXdWRHSk5uWnZ1bHplcTBmbFlTOUhtUjlnWEIwZW51NGRMSlRxSUR5MkdIdWU2X3B3S3F1Y3lVdC1VaFpzQWRZODVZb09jWXZOQTJKaHREaXdXd1JwREZpWDdzeUI2a1hybzZ1bEVkdi1KY1dqckRPLUU2OWxxUVI2ZGY2NzlwYTRiS1FONw?oc=5\" target=\"_blank\" rel=\"nofollow noopener\">Don de sang : tatouage, piercing\u2026 Les r\u00e8gles assouplies \u00e0 partir du 1er septembre<\/a>&nbsp;&nbsp;Sud Ouest<\/li>\n<li><a href=\"https:\/\/news.google.com\/rss\/articles\/CBMixwFBVV95cUxNTVhJbGI4STYyRDE3WEtJZDNLd0FQT0pvRzMzdWkzLTF4MlY0V2RFMl9meV9tZ3AtV2hFMDItZVI5OC1jZnZfZG5udlZYTkR0cXZsejE4NE91NDJ6cVc0bGx0NjY3NG5EUGNtQUpISm9SVUxtcUVuYjRqVjQwbUYtcFh5N2dJNlc1a0d5NjVxZWlJSXhTREdiX2JRWHUxUDBWZVRZQmFoMkRrSHBPMG5GV3Z6LVVxN1M4MFFmaDROMGNlMGxXVGt3?oc=5\" target=\"_blank\" rel=\"nofollow noopener\">Les conditions pour donner son sang vont s&rsquo;assouplir \u00e0 la rentr\u00e9e<\/a>&nbsp;&nbsp;Portail Orange<\/li>\n<li><a href=\"https:\/\/news.google.com\/rss\/articles\/CBMimAFBVV95cUxNajBtYkt3RVNuTm5FQVM1b1ZWeU9XNDkyanYzdUFYQ01BSFBWR3NtZXY5dEIzcjEyVGFaNWJ2d3VIaXdqZjdNQmpxQktRWEZ3XzB5clhRSnJpTVZKTVRyZURIMk5rUlVybGVSaEd6TDh6alAxX2tnOVNvaG13eEVLTElVQWFQc3dpZ0VXdEdKaGZTWVBEcFdNag?oc=5\" target=\"_blank\" rel=\"nofollow noopener\">Actualit\u00e9 &#8211; L\u2019ANSM fait \u00e9voluer le questionnaire pr\u00e9alable au don de sang<\/a>&nbsp;&nbsp;ANSM<\/li>\n<li><a href=\"https:\/\/news.google.com\/rss\/articles\/CBMi5wFBVV95cUxPLVJrY2lfaVZPU0E5SW40WDFlc1FIZUdxanNtd0huTnU2a2ZHS1ByUWhPRWVGR184RXBLNWhUSk1nNUZtaWpUSnpvdldxMWN4N1RFWDVUZG5nM3ZBQktaM0t4cjlXazBjbHB6aWZVSzNpUjBUTkhvVGc2XzBya3hJcUdycDZIbjJqOEtYZmpPU3ZVQUtaTWZsYVdXQ2RpMERkS2ZBclE1Vy1uVW42MkRLTWd6RDRpWHpodFB6SHJOdkllaEJvY1B3M1UxMXRLaE5ZWUF2Y1BDYlQtSWZSQWhuUHU4WVJ1UG8?oc=5\" target=\"_blank\" rel=\"nofollow noopener\">Don du sang : ce qui va changer \u00e0 compter du 1\u1d49\u02b3 septembre<\/a>&nbsp;&nbsp;TF1 Info<\/li>\n<\/ol>\n","protected":false},"excerpt":{"rendered":"Piercings, tatouages\u2026 Face \u00e0 la p\u00e9nurie de sang, les conditions pour les dons bient\u00f4t simplifi\u00e9es&nbsp;&nbsp;Ouest-France Don de sang&hellip;\n","protected":false},"author":2,"featured_media":1445,"comment_status":"","ping_status":"","sticky":false,"template":"","format":"standard","meta":{"footnotes":""},"categories":[10],"tags":[1011,27,72,71],"class_list":{"0":"post-254163","1":"post","2":"type-post","3":"status-publish","4":"format-standard","5":"has-post-thumbnail","7":"category-sante","8":"tag-fr","9":"tag-france","10":"tag-health","11":"tag-sante"},"share_on_mastodon":{"url":"https:\/\/pubeurope.com\/@fr\/114869175837316103","error":""},"_links":{"self":[{"href":"https:\/\/www.europesays.com\/fr\/wp-json\/wp\/v2\/posts\/254163","targetHints":{"allow":["GET"]}}],"collection":[{"href":"https:\/\/www.europesays.com\/fr\/wp-json\/wp\/v2\/posts"}],"about":[{"href":"https:\/\/www.europesays.com\/fr\/wp-json\/wp\/v2\/types\/post"}],"author":[{"embeddable":true,"href":"https:\/\/www.europesays.com\/fr\/wp-json\/wp\/v2\/users\/2"}],"replies":[{"embeddable":true,"href":"https:\/\/www.europesays.com\/fr\/wp-json\/wp\/v2\/comments?post=254163"}],"version-history":[{"count":0,"href":"https:\/\/www.europesays.com\/fr\/wp-json\/wp\/v2\/posts\/254163\/revisions"}],"wp:featuredmedia":[{"embeddable":true,"href":"https:\/\/www.europesays.com\/fr\/wp-json\/wp\/v2\/media\/1445"}],"wp:attachment":[{"href":"https:\/\/www.europesays.com\/fr\/wp-json\/wp\/v2\/media?parent=254163"}],"wp:term":[{"taxonomy":"category","embeddable":true,"href":"https:\/\/www.europesays.com\/fr\/wp-json\/wp\/v2\/categories?post=254163"},{"taxonomy":"post_tag","embeddable":true,"href":"https:\/\/www.europesays.com\/fr\/wp-json\/wp\/v2\/tags?post=254163"}],"curies":[{"name":"wp","href":"https:\/\/api.w.org\/{rel}","templated":true}]}}