{"id":254167,"date":"2025-07-17T15:03:09","date_gmt":"2025-07-17T15:03:09","guid":{"rendered":"https:\/\/www.europesays.com\/fr\/254167\/"},"modified":"2025-07-17T15:03:09","modified_gmt":"2025-07-17T15:03:09","slug":"un-trou-gravitationnel-colossal-decouvert-dans-locean-indien-une-force-mysterieuse-des-profondeurs-de-la-terre-stupefie-les-scientifiques","status":"publish","type":"post","link":"https:\/\/www.europesays.com\/fr\/254167\/","title":{"rendered":"Un trou gravitationnel colossal d\u00e9couvert dans l\u2019oc\u00e9an Indien : une force myst\u00e9rieuse des profondeurs de la Terre stup\u00e9fie les scientifiques"},"content":{"rendered":"<tr>\n<td><strong>EN BREF<\/strong><\/td>\n<\/tr>\n<tr>\n<td>\n<ul>\n<li>\ud83e\ude90 Sous l\u2019oc\u00e9an Indien, une <strong>anomalie gravitationnelle<\/strong> intrigue les scientifiques avec des forces myst\u00e9rieuses.<\/li>\n<li>Les recherches r\u00e9v\u00e8lent que cette anomalie remonte \u00e0 plus de <strong>140 millions d\u2019ann\u00e9es<\/strong>, li\u00e9e \u00e0 l\u2019activit\u00e9 tectonique.<\/li>\n<li>Les implications de cette d\u00e9couverte pourraient <strong>r\u00e9volutionner<\/strong> notre compr\u00e9hension de la g\u00e9ophysique terrestre.<\/li>\n<li>\ud83c\udf0a L\u2019exploration sous-marine de cette r\u00e9gion pose des <strong>d\u00e9fis technologiques<\/strong> et logistiques majeurs.<\/li>\n<\/ul>\n<\/td>\n<\/tr>\n<p>Les profondeurs de l\u2019oc\u00e9an Indien cachent un myst\u00e8re fascinant qui intrigue les scientifiques depuis longtemps. Un vaste creux gravitationnel, invisible \u00e0 l\u2019\u0153il nu, a \u00e9t\u00e9 identifi\u00e9 dans cette r\u00e9gion, et il semble d\u00e9fier les lois de la gravit\u00e9 telles que nous les connaissons. Cette anomalie, connue sous le nom de <strong>Indian Ocean Geoid Low (IOGL)<\/strong>, est le sujet d\u2019une r\u00e9cente \u00e9tude qui tente de percer les secrets de cet \u00e9trange ph\u00e9nom\u00e8ne g\u00e9ologique, remontant \u00e0 plus de 140 millions d\u2019ann\u00e9es.<\/p>\n<p>Comprendre l\u2019anomalie gravitationnelle<\/p>\n<p>Le creux gravitationnel sous l\u2019oc\u00e9an Indien est une anomalie qui a laiss\u00e9 les g\u00e9ophysiciens perplexes. Dans cette r\u00e9gion, la gravit\u00e9 est significativement plus faible que dans les zones environnantes. Cela se traduit par une d\u00e9pression de la surface de l\u2019eau d\u2019environ 106 m\u00e8tres. Cette diff\u00e9rence de niveau est due \u00e0 une variation de la r\u00e9partition de la masse sous la cro\u00fbte terrestre.<\/p>\n<p>Les scientifiques ont d\u00e9termin\u00e9 que cette anomalie est li\u00e9e \u00e0 des forces cach\u00e9es profond\u00e9ment sous la Terre. Ces forces pourraient \u00eatre le r\u00e9sultat d\u2019activit\u00e9s tectoniques anciennes, remontant \u00e0 une \u00e9poque o\u00f9 notre plan\u00e8te \u00e9tait en pleine transformation. La compr\u00e9hension de ces m\u00e9canismes pourrait offrir de nouveaux aper\u00e7us sur l\u2019histoire tectonique de la Terre et sur la dynamique interne de notre plan\u00e8te.<\/p>\n<blockquote class=\"wp-embedded-content\" data-secret=\"rOHe8qCuRv\">\n<p><a href=\"https:\/\/www.innovant.fr\/2025\/06\/28\/decouverte-glacante-au-fond-de-locean-ce-redoutable-predateur-inconnu-vient-detre-identifie\/\" rel=\"nofollow noopener\" target=\"_blank\">D\u00e9couverte gla\u00e7ante au fond de l\u2019oc\u00e9an : ce redoutable pr\u00e9dateur inconnu vient d\u2019\u00eatre identifi\u00e9<\/a><\/p>\n<\/blockquote>\n<p>L\u2019origine g\u00e9ologique du IOGL<\/p>\n<p>Les recherches indiquent que l\u2019anomalie du IOGL a probablement ses racines dans des \u00e9v\u00e9nements g\u00e9ologiques datant de plus de 140 millions d\u2019ann\u00e9es. \u00c0 cette \u00e9poque, les plaques tectoniques \u00e9taient en mouvement constant, redessinant les continents et les oc\u00e9ans. Cette activit\u00e9 intense aurait pu engendrer des variations significatives dans la structure terrestre, conduisant \u00e0 la formation de l\u2019anomalie actuelle.<\/p>\n<p>Des \u00e9tudes sugg\u00e8rent que le processus de subduction, o\u00f9 une plaque tectonique glisse sous une autre, pourrait avoir jou\u00e9 un r\u00f4le crucial. Ce mouvement aurait pu provoquer des changements dans la densit\u00e9 et la composition des mat\u00e9riaux sous la surface, cr\u00e9ant ainsi une r\u00e9gion de faible gravit\u00e9. Ces hypoth\u00e8ses sont renforc\u00e9es par des mod\u00e8les g\u00e9ophysiques avanc\u00e9s qui simulent les conditions de l\u2019\u00e9poque.<\/p>\n<blockquote class=\"wp-embedded-content\" data-secret=\"RtZE5LN0Uk\">\n<p><a href=\"https:\/\/www.innovant.fr\/2025\/07\/02\/un-seisme-qui-rampe-pendant-des-semaines-des-chercheurs-filment-un-phenomene-tectonique-invisible-a-loeil-nu\/\" rel=\"nofollow noopener\" target=\"_blank\">\u00ab Un s\u00e9isme qui rampe pendant des semaines \u00bb : des chercheurs filment un ph\u00e9nom\u00e8ne tectonique invisible \u00e0 l\u2019\u0153il nu<\/a><\/p>\n<\/blockquote>\n<p>Implications scientifiques de cette d\u00e9couverte<\/p>\n<p>La d\u00e9couverte de l\u2019IOGL a des implications majeures pour notre compr\u00e9hension de la g\u00e9ophysique terrestre. Elle remet en question certaines notions \u00e9tablies sur la r\u00e9partition de la masse \u00e0 l\u2019int\u00e9rieur de la Terre et pourrait conduire \u00e0 des r\u00e9visions des mod\u00e8les g\u00e9ologiques actuels. Cette anomalie pourrait \u00e9galement avoir un impact sur la mani\u00e8re dont nous comprenons les interactions entre les plaques tectoniques et le manteau terrestre.<\/p>\n<p>Les chercheurs esp\u00e8rent que cette d\u00e9couverte stimulera de nouvelles \u00e9tudes qui exploreront les profondeurs de l\u2019oc\u00e9an Indien et d\u2019autres r\u00e9gions similaires. En fin de compte, ces efforts pourraient fournir des indices cruciaux sur l\u2019\u00e9volution de la Terre et les forces cach\u00e9es qui fa\u00e7onnent la surface de notre plan\u00e8te.<\/p>\n<blockquote class=\"wp-embedded-content\" data-secret=\"N8vNCLzSqD\">\n<p><a href=\"https:\/\/www.innovant.fr\/2025\/04\/10\/oui-jai-achete-50-avis-google-et-mon-chiffre-daffaires-a-double-la-methode-hallucinante-dacheter-des-fans-com-pour-la-reputation-en-ligne-sur-google\/\" rel=\"nofollow noopener\" target=\"_blank\">\u00ab Oui, j\u2019ai achet\u00e9 50 avis Google et mon chiffre d\u2019affaires a doubl\u00e9 \u00bb : la m\u00e9thode hallucinante d\u2019Acheter-des-Fans.com pour la r\u00e9putation en ligne sur Google<\/a><\/p>\n<\/blockquote>\n<p>Les d\u00e9fis de l\u2019exploration sous-marine<\/p>\n<p>L\u2019\u00e9tude du IOGL pose de nombreux d\u00e9fis technologiques et logistiques. L\u2019exploration des profondeurs oc\u00e9aniques n\u00e9cessite des \u00e9quipements sophistiqu\u00e9s capables de r\u00e9sister \u00e0 des pressions \u00e9normes et de collecter des donn\u00e9es pr\u00e9cises dans des environnements hostiles. Ces missions sont co\u00fbteuses et n\u00e9cessitent une coordination internationale, car peu de pays poss\u00e8dent les ressources n\u00e9cessaires pour entreprendre de telles explorations.<\/p>\n<p>Malgr\u00e9 ces obstacles, les scientifiques continuent de s\u2019efforcer d\u2019en apprendre davantage sur cette r\u00e9gion myst\u00e9rieuse. Chaque d\u00e9couverte faite sous l\u2019oc\u00e9an Indien enrichit notre compr\u00e9hension de la Terre et ouvre la voie \u00e0 de nouvelles avanc\u00e9es technologiques dans l\u2019exploration marine. Comment les chercheurs surmonteront-ils les d\u00e9fis associ\u00e9s \u00e0 l\u2019\u00e9tude de cette anomalie fascinante ?<\/p>\n<p>L\u2019auteur s\u2019est appuy\u00e9 sur l\u2019intelligence artificielle pour enrichir cet article.<\/p>\n<p id=\"rating\">\u00c7a vous a plu ?\u00a04.7\/5 (29)<\/p>\n","protected":false},"excerpt":{"rendered":"EN BREF \ud83e\ude90 Sous l\u2019oc\u00e9an Indien, une anomalie gravitationnelle intrigue les scientifiques avec des forces myst\u00e9rieuses. Les recherches&hellip;\n","protected":false},"author":2,"featured_media":254168,"comment_status":"","ping_status":"","sticky":false,"template":"","format":"standard","meta":{"footnotes":""},"categories":[7],"tags":[1011,27,43,40,41,39,42,44],"class_list":{"0":"post-254167","1":"post","2":"type-post","3":"status-publish","4":"format-standard","5":"has-post-thumbnail","7":"category-sciences-et-technologies","8":"tag-fr","9":"tag-france","10":"tag-science","11":"tag-science-and-technology","12":"tag-sciences","13":"tag-sciences-et-technologies","14":"tag-technologies","15":"tag-technology"},"share_on_mastodon":{"url":"https:\/\/pubeurope.com\/@fr\/114869188158559860","error":""},"_links":{"self":[{"href":"https:\/\/www.europesays.com\/fr\/wp-json\/wp\/v2\/posts\/254167","targetHints":{"allow":["GET"]}}],"collection":[{"href":"https:\/\/www.europesays.com\/fr\/wp-json\/wp\/v2\/posts"}],"about":[{"href":"https:\/\/www.europesays.com\/fr\/wp-json\/wp\/v2\/types\/post"}],"author":[{"embeddable":true,"href":"https:\/\/www.europesays.com\/fr\/wp-json\/wp\/v2\/users\/2"}],"replies":[{"embeddable":true,"href":"https:\/\/www.europesays.com\/fr\/wp-json\/wp\/v2\/comments?post=254167"}],"version-history":[{"count":0,"href":"https:\/\/www.europesays.com\/fr\/wp-json\/wp\/v2\/posts\/254167\/revisions"}],"wp:featuredmedia":[{"embeddable":true,"href":"https:\/\/www.europesays.com\/fr\/wp-json\/wp\/v2\/media\/254168"}],"wp:attachment":[{"href":"https:\/\/www.europesays.com\/fr\/wp-json\/wp\/v2\/media?parent=254167"}],"wp:term":[{"taxonomy":"category","embeddable":true,"href":"https:\/\/www.europesays.com\/fr\/wp-json\/wp\/v2\/categories?post=254167"},{"taxonomy":"post_tag","embeddable":true,"href":"https:\/\/www.europesays.com\/fr\/wp-json\/wp\/v2\/tags?post=254167"}],"curies":[{"name":"wp","href":"https:\/\/api.w.org\/{rel}","templated":true}]}}