{"id":25417,"date":"2025-04-14T23:23:12","date_gmt":"2025-04-14T23:23:12","guid":{"rendered":"https:\/\/www.europesays.com\/fr\/25417\/"},"modified":"2025-04-14T23:23:12","modified_gmt":"2025-04-14T23:23:12","slug":"ces-jeunes-marseillais-preparent-lexamen-du-code-de-la-route","status":"publish","type":"post","link":"https:\/\/www.europesays.com\/fr\/25417\/","title":{"rendered":"ces jeunes Marseillais pr\u00e9parent l&rsquo;examen du code de la route"},"content":{"rendered":"<p>St\u00e9phanie, 21\u00a0ans et habitante de La Batarelle (13e) encha\u00eene les questions. Faire un constat, comprendre les panneaux de signalisation\u2026 \u00ab\u00a0J\u2019en ai vraiment besoin de ce permis\u00a0\u00bb, explique-t-elle en faisant allusion \u00e0 ses trajets quotidiens en transport en commun entre son logement et son universit\u00e9 dans le sud de Marseille. Comme St\u00e9phanie, ils \u00e9taient une vingtaine \u00e0 assister \u00e0 leur premier cours gratuit de pr\u00e9paration au code de la route au Pavillon Daviel (2e). Mis en place par la Ville, le dispositif \u00ab\u00a0Coup de pouce au permis\u00a0\u00bb propose<a href=\"https:\/\/www.laprovence.com\/article\/region\/61740697685420\/marseille-les-jeunes-de-16-a-30-ans-eloignes-des-transports-pourront-se-voir-offrir-le-code-de-la-route\" target=\"_blank\" rel=\"nofollow noopener\"> \u00e0 1\u00a0000 Marseillais entre 16 et 30\u00a0ans de suivre une formation de deux semaines pour se pr\u00e9parer \u00e0 l\u2019examen du code de la route.\u00a0<\/a>Pas question de partir en vacances pour ces jeunes qui n\u2019ont qu\u2019une seule envie\u00a0: obtenir leur code puis leur permis le plus rapidement possible.<\/p>\n","protected":false},"excerpt":{"rendered":"St\u00e9phanie, 21\u00a0ans et habitante de La Batarelle (13e) encha\u00eene les questions. Faire un constat, comprendre les panneaux de&hellip;\n","protected":false},"author":2,"featured_media":25418,"comment_status":"","ping_status":"","sticky":false,"template":"","format":"standard","meta":{"footnotes":""},"categories":[2814],"tags":[17,1111,11,9122,3952,9119,1777,674,1011,27,4074,761,884,12,9121,9120,882,16,25],"class_list":{"0":"post-25417","1":"post","2":"type-post","3":"status-publish","4":"format-standard","5":"has-post-thumbnail","7":"category-marseille","8":"tag-17","9":"tag-actu","10":"tag-actualites","11":"tag-ces","12":"tag-coup","13":"tag-dispositif","14":"tag-eu","15":"tag-europe","16":"tag-fr","17":"tag-france","18":"tag-jeunes","19":"tag-marseillais","20":"tag-marseille","21":"tag-news","22":"tag-permis","23":"tag-pouce","24":"tag-provence-alpes-cote-dazur","25":"tag-region","26":"tag-republique-francaise"},"share_on_mastodon":{"url":"https:\/\/pubeurope.com\/@fr\/114338896642533666","error":""},"_links":{"self":[{"href":"https:\/\/www.europesays.com\/fr\/wp-json\/wp\/v2\/posts\/25417","targetHints":{"allow":["GET"]}}],"collection":[{"href":"https:\/\/www.europesays.com\/fr\/wp-json\/wp\/v2\/posts"}],"about":[{"href":"https:\/\/www.europesays.com\/fr\/wp-json\/wp\/v2\/types\/post"}],"author":[{"embeddable":true,"href":"https:\/\/www.europesays.com\/fr\/wp-json\/wp\/v2\/users\/2"}],"replies":[{"embeddable":true,"href":"https:\/\/www.europesays.com\/fr\/wp-json\/wp\/v2\/comments?post=25417"}],"version-history":[{"count":0,"href":"https:\/\/www.europesays.com\/fr\/wp-json\/wp\/v2\/posts\/25417\/revisions"}],"wp:featuredmedia":[{"embeddable":true,"href":"https:\/\/www.europesays.com\/fr\/wp-json\/wp\/v2\/media\/25418"}],"wp:attachment":[{"href":"https:\/\/www.europesays.com\/fr\/wp-json\/wp\/v2\/media?parent=25417"}],"wp:term":[{"taxonomy":"category","embeddable":true,"href":"https:\/\/www.europesays.com\/fr\/wp-json\/wp\/v2\/categories?post=25417"},{"taxonomy":"post_tag","embeddable":true,"href":"https:\/\/www.europesays.com\/fr\/wp-json\/wp\/v2\/tags?post=25417"}],"curies":[{"name":"wp","href":"https:\/\/api.w.org\/{rel}","templated":true}]}}