{"id":254171,"date":"2025-07-17T15:05:10","date_gmt":"2025-07-17T15:05:10","guid":{"rendered":"https:\/\/www.europesays.com\/fr\/254171\/"},"modified":"2025-07-17T15:05:10","modified_gmt":"2025-07-17T15:05:10","slug":"tout-comprendre-au-conflit-qui-a-enflamme-soueida","status":"publish","type":"post","link":"https:\/\/www.europesays.com\/fr\/254171\/","title":{"rendered":"tout comprendre au conflit qui a enflamm\u00e9 Soue\u00efda"},"content":{"rendered":"<p><strong>ENTRETIEN <\/strong>&#8211; \u00abAveu de faiblesse pour Al-Charaa\u00bb, tensions historiques, raison de l\u2019intervention d\u2019Isra\u00ebl&#8230; C\u00e9dric Labrousse, sp\u00e9cialiste des questions syriennes, explique au Figaro les dessous de cet affrontement.<\/p>\n<p class=\"fig-paragraph\">C\u00e9dric Labrousse est doctorant \u00e0 l\u2019\u00c9cole des hautes \u00e9tudes en sciences sociales (EHESS) et \u00e9tudie les dynamiques des groupes arm\u00e9s et politiques en Syrie.<\/p>\n<p class=\"fig-paragraph\"><strong>LE FIGARO.- Depuis dimanche, des combats ont agit\u00e9 la r\u00e9gion du\u00a0<\/strong><a href=\"http:\/\/www.lefigaro.fr\/international\/en-reponse-a-des-affrontements-entre-druzes-et-troupes-syriennes-israel-bombarde-damas-20250716\" data-fig-type=\"Article\" data-gtm-custom-categorie=\"navigation\" data-gtm-custom-action=\"crossclick\" data-gtm-custom-label=\"Contextuel\" data-gtm-event=\"customEventSPE\" data-fig-domain=\"LEFIGARO\" target=\"_blank\" rel=\"noopener\"><strong>djebel druze<\/strong><\/a> <strong>. Le pr\u00e9sident syrien Ahmed Al-Charaa a annonc\u00e9, hier, le retrait des troupes gouvernementales et le transfert de la s\u00e9curit\u00e9 locale aux Druzes. Est-ce un aveu d\u2019\u00e9chec\u00a0?<\/strong><\/p>\n<p class=\"fig-paragraph\"><strong>C\u00e9dric LABROUSSE.- <\/strong>C\u2019est son premier aveu de faiblesse depuis\u00a0<a href=\"http:\/\/www.lefigaro.fr\/international\/bonne-chance-a-la-syrie-donald-trump-adoube-ahmed-al-charaa-et-leve-les-sanctions-contre-damas-20250514\" data-fig-type=\"Article\" data-gtm-custom-categorie=\"navigation\" data-gtm-custom-action=\"crossclick\" data-gtm-custom-label=\"Contextuel\" data-gtm-event=\"customEventSPE\" data-fig-domain=\"LEFIGARO\" target=\"_blank\" rel=\"noopener\">son arriv\u00e9e au pouvoir en d\u00e9cembre<\/a>. Les pressions isra\u00e9liennes, via la campagne de\u00a0<a href=\"http:\/\/www.lefigaro.fr\/international\/en-reponse-a-des-affrontements-entre-druzes-et-troupes-syriennes-israel-bombarde-damas-20250716\" data-fig-type=\"Article\" data-gtm-custom-categorie=\"navigation\" data-gtm-custom-action=\"crossclick\" data-gtm-custom-label=\"Contextuel\" data-gtm-event=\"customEventSPE\" data-fig-domain=\"LEFIGARO\" target=\"_blank\" rel=\"noopener\">frappes a\u00e9riennes<\/a>, associ\u00e9e \u00e0 un r\u00e9alignement am\u00e9ricain sur Isra\u00ebl l\u2019y ont oblig\u00e9. Les \u00c9tats-Unis avaient d\u2019abord condamn\u00e9 les actions isra\u00e9liennes, mais hier soir le d\u00e9partement d\u2019\u00c9tat am\u00e9ricain a demand\u00e9 le d\u00e9part des troupes gouvernementales de Soue\u00efda (la r\u00e9gion druze du sud de la Syrie, NDLR). La convergence de ces pressions, ainsi que l\u2019\u00e9chec partiel de ses troupes, a oblig\u00e9 le pr\u00e9sident syrien \u00e0 admettre que les factions druzes reprennent le\u2026<\/p>\n<p class=\"fig-premium-paywall__infos\">\n        Cet article est r\u00e9serv\u00e9 aux abonn\u00e9s.        Il vous reste 86% \u00e0 d\u00e9couvrir.\n    <\/p>\n<p>                <img  data- alt=\"Le Figaro\" class=\"fig-img--complete fig-img\"\/><\/p>\n<p class=\"fig-premium-paywall__title\">Vous avez envie de lire la suite ?<\/p>\n<p class=\"fig-premium-paywall__subtitle\">D\u00e9bloquez tous les articles imm\u00e9diatement.<\/p>\n<p class=\"fig-premium-paywall__connect\">\n                D\u00e9j\u00e0 abonn\u00e9\u00a0?                <a class=\"fig-premium-paywall__connect-link\" href=\"https:\/\/connect.lefigaro.fr\/login?client=horizon_web&amp;type=main&amp;redirect_uri=https%3A%2F%2Fwww.lefigaro.fr%2Finternational%2Ffiasco-des-troupes-syriennes-face-aux-druzes-soutenus-par-israel-tout-comprendre-au-conflit-qui-a-enflamme-soueida-20250717\" data-js-gtm=\"{&quot;customCategorie&quot;: &quot;conversion&quot;, &quot;customAction&quot;: &quot;before_Landing_Connexion_paywall_auto&quot;, &quot;customLabel&quot;: &quot;bGVmaWdhcm8uZnJfXzFmMDYyZWQyLTUyZjItNjg1YS1iMjQ3LTFiYjJmOTMzYWIzOV9fQXJ0aWNsZQ==_Fiasco des troupes syriennes face aux Druzes soutenus par Isra\u00ebl\u00a0: tout comprendre au conflit qui a enflamm\u00e9 Soue\u00efda_595&quot;, &quot;customIDSPE&quot;: &quot;bGVmaWdhcm8uZnJfXzFmMDYyZWQyLTUyZjItNjg1YS1iMjQ3LTFiYjJmOTMzYWIzOV9fQXJ0aWNsZQ==&quot;, &quot;event&quot;: &quot;customEventSPE&quot;}\" target=\"_blank\" rel=\"noopener\"><br \/>\n                    Connectez-vous<br \/>\n                <\/a>\n            <\/p>\n","protected":false},"excerpt":{"rendered":"ENTRETIEN &#8211; \u00abAveu de faiblesse pour Al-Charaa\u00bb, tensions historiques, raison de l\u2019intervention d\u2019Isra\u00ebl&#8230; C\u00e9dric Labrousse, sp\u00e9cialiste des questions&hellip;\n","protected":false},"author":2,"featured_media":254172,"comment_status":"","ping_status":"","sticky":false,"template":"","format":"standard","meta":{"footnotes":""},"categories":[5],"tags":[11,1011,27,14,12,32,28],"class_list":{"0":"post-254171","1":"post","2":"type-post","3":"status-publish","4":"format-standard","5":"has-post-thumbnail","7":"category-international","8":"tag-actualites","9":"tag-fr","10":"tag-france","11":"tag-international","12":"tag-news","13":"tag-syrie","14":"tag-world"},"share_on_mastodon":{"url":"https:\/\/pubeurope.com\/@fr\/114869195455796121","error":""},"_links":{"self":[{"href":"https:\/\/www.europesays.com\/fr\/wp-json\/wp\/v2\/posts\/254171","targetHints":{"allow":["GET"]}}],"collection":[{"href":"https:\/\/www.europesays.com\/fr\/wp-json\/wp\/v2\/posts"}],"about":[{"href":"https:\/\/www.europesays.com\/fr\/wp-json\/wp\/v2\/types\/post"}],"author":[{"embeddable":true,"href":"https:\/\/www.europesays.com\/fr\/wp-json\/wp\/v2\/users\/2"}],"replies":[{"embeddable":true,"href":"https:\/\/www.europesays.com\/fr\/wp-json\/wp\/v2\/comments?post=254171"}],"version-history":[{"count":0,"href":"https:\/\/www.europesays.com\/fr\/wp-json\/wp\/v2\/posts\/254171\/revisions"}],"wp:featuredmedia":[{"embeddable":true,"href":"https:\/\/www.europesays.com\/fr\/wp-json\/wp\/v2\/media\/254172"}],"wp:attachment":[{"href":"https:\/\/www.europesays.com\/fr\/wp-json\/wp\/v2\/media?parent=254171"}],"wp:term":[{"taxonomy":"category","embeddable":true,"href":"https:\/\/www.europesays.com\/fr\/wp-json\/wp\/v2\/categories?post=254171"},{"taxonomy":"post_tag","embeddable":true,"href":"https:\/\/www.europesays.com\/fr\/wp-json\/wp\/v2\/tags?post=254171"}],"curies":[{"name":"wp","href":"https:\/\/api.w.org\/{rel}","templated":true}]}}