{"id":254175,"date":"2025-07-17T15:07:11","date_gmt":"2025-07-17T15:07:11","guid":{"rendered":"https:\/\/www.europesays.com\/fr\/254175\/"},"modified":"2025-07-17T15:07:11","modified_gmt":"2025-07-17T15:07:11","slug":"mort-de-thierry-ardisson-audrey-crespo-mara-brigitte-macron-florent-pagny-les-images-des-invites-a-ses-obseques","status":"publish","type":"post","link":"https:\/\/www.europesays.com\/fr\/254175\/","title":{"rendered":"Mort de Thierry Ardisson : Audrey Crespo-Mara, Brigitte Macron, Florent Pagny&#8230; Les images des invit\u00e9s \u00e0 ses obs\u00e8ques"},"content":{"rendered":"<p class=\"article-p mdl\">Les obs\u00e8ques de Thierry Ardisson, producteur et animateur star d\u00e9c\u00e9d\u00e9 le 14 juillet \u00e0 76 ans <strong>des suites d&rsquo;un cancer du foie<\/strong>, ont \u00e9t\u00e9 c\u00e9l\u00e9br\u00e9es ce jeudi 17 juillet \u00e0 Paris, devant une assistance v\u00eatue de sa couleur f\u00e9tiche, le noir. La c\u00e9r\u00e9monie s&rsquo;est tenue \u00e0 16h30 \u00e0 l&rsquo;\u00e9glise Saint-Roch de Paris.<\/p>\n<p class=\"article-p mdl\">Les premiers \u00e0 franchir le seuil de l\u2019\u00e9difice ont \u00e9t\u00e9 <strong>les membres de sa famille<\/strong> : son \u00e9pouse, la journaliste\u00a0<a class=\"link\" href=\"https:\/\/www.rtl.fr\/culture\/medias-people\/mort-de-thierry-ardisson-audrey-crespo-mara-annonce-attaquer-en-justice-celui-qui-a-annonce-a-tort-la-mort-de-son-mari-7900523573\" title=\"Mort de Thierry Ardisson : Audrey Crespo-Mara annonce attaquer en justice celui qui a annonc\u00e9 \u00e0 tort la mort de son mari\" target=\"_blank\" rel=\"noopener\">Audrey Crespo-Mara<\/a>, ainsi que ses enfants. \u00c0 leurs c\u00f4t\u00e9s, un parterre de figures m\u00e9diatiques et politiques. Parmi les personnalit\u00e9s pr\u00e9sentes, on a pu apercevoir <strong>L\u00e9a Salam\u00e9, Hugo Cl\u00e9ment, Laurent Baffie, Marc Lavoine ou encore Arthur<\/strong>.<\/p>\n<p class=\"article-p mdl\">Certaines personnalit\u00e9s politiques ont \u00e9galement fait le d\u00e9placement pour t\u00e9moigner leur soutien \u00e0 la famille.\u00a0Brigitte Macron, Gabriel Attal,\u00a0Jean-Michel Blanquer et Rachel Garrido faisaient notamment partie des invit\u00e9s.<\/p>\n<p class=\"article-p mdl\">Puis, \u00e0 16h30, <strong>le cercueil noi<\/strong>r de\u00a0<a class=\"link\" href=\"https:\/\/www.rtl.fr\/culture\/medias-people\/mort-de-thierry-ardisson-les-obseques-de-l-animateur-auront-lieu-jeudi-a-l-eglise-saint-roch-7900523828\" title=\"Mort de Thierry Ardisson : les obs\u00e8ques de l&#039;animateur auront lieu jeudi \u00e0 l&#039;\u00e9glise Saint-Roch\" target=\"_blank\" rel=\"noopener\">Thierry Ardisson<\/a>\u00a0a \u00e9t\u00e9 transport\u00e9 sur le parvis de l&rsquo;\u00e9glise, sous les applaudissements de la foule de curieux venus dire un dernier au revoir \u00e0 l&rsquo;animateur. Les portes se sont ensuite referm\u00e9es et la c\u00e9r\u00e9monie s&rsquo;est tenue <strong>dans la plus stricte intimit\u00e9<\/strong>.\u00a0<\/p>\n<p>    La r\u00e9daction vous recommande<\/p>\n<p class=\"s-newsletter__title\">\n                L\u2019actualit\u00e9 par la r\u00e9daction de RTL dans votre bo\u00eete mail.\n            <\/p>\n<p class=\"s-newsletter__subtitle\">\n                Gr\u00e2ce \u00e0 votre compte RTL abonnez-vous \u00e0 la newsletter RTL info pour suivre toute l&rsquo;actualit\u00e9 au quotidien\n            <\/p>\n<p>\n                                    Lire la suite\n                                <\/p>\n","protected":false},"excerpt":{"rendered":"Les obs\u00e8ques de Thierry Ardisson, producteur et animateur star d\u00e9c\u00e9d\u00e9 le 14 juillet \u00e0 76 ans des suites&hellip;\n","protected":false},"author":2,"featured_media":254176,"comment_status":"","ping_status":"","sticky":false,"template":"","format":"standard","meta":{"footnotes":""},"categories":[2],"tags":[11,2715,107,1011,27,12,15086,252,10058],"class_list":{"0":"post-254175","1":"post","2":"type-post","3":"status-publish","4":"format-standard","5":"has-post-thumbnail","7":"category-actualites","8":"tag-actualites","9":"tag-disparition","10":"tag-fil-info","11":"tag-fr","12":"tag-france","13":"tag-news","14":"tag-obseques","15":"tag-television","16":"tag-thierry-ardisson"},"share_on_mastodon":{"url":"https:\/\/pubeurope.com\/@fr\/114869203381689233","error":""},"_links":{"self":[{"href":"https:\/\/www.europesays.com\/fr\/wp-json\/wp\/v2\/posts\/254175","targetHints":{"allow":["GET"]}}],"collection":[{"href":"https:\/\/www.europesays.com\/fr\/wp-json\/wp\/v2\/posts"}],"about":[{"href":"https:\/\/www.europesays.com\/fr\/wp-json\/wp\/v2\/types\/post"}],"author":[{"embeddable":true,"href":"https:\/\/www.europesays.com\/fr\/wp-json\/wp\/v2\/users\/2"}],"replies":[{"embeddable":true,"href":"https:\/\/www.europesays.com\/fr\/wp-json\/wp\/v2\/comments?post=254175"}],"version-history":[{"count":0,"href":"https:\/\/www.europesays.com\/fr\/wp-json\/wp\/v2\/posts\/254175\/revisions"}],"wp:featuredmedia":[{"embeddable":true,"href":"https:\/\/www.europesays.com\/fr\/wp-json\/wp\/v2\/media\/254176"}],"wp:attachment":[{"href":"https:\/\/www.europesays.com\/fr\/wp-json\/wp\/v2\/media?parent=254175"}],"wp:term":[{"taxonomy":"category","embeddable":true,"href":"https:\/\/www.europesays.com\/fr\/wp-json\/wp\/v2\/categories?post=254175"},{"taxonomy":"post_tag","embeddable":true,"href":"https:\/\/www.europesays.com\/fr\/wp-json\/wp\/v2\/tags?post=254175"}],"curies":[{"name":"wp","href":"https:\/\/api.w.org\/{rel}","templated":true}]}}