{"id":254177,"date":"2025-07-17T15:08:11","date_gmt":"2025-07-17T15:08:11","guid":{"rendered":"https:\/\/www.europesays.com\/fr\/254177\/"},"modified":"2025-07-17T15:08:11","modified_gmt":"2025-07-17T15:08:11","slug":"face-aux-critiques-elle-defend-son-groupe-facebook","status":"publish","type":"post","link":"https:\/\/www.europesays.com\/fr\/254177\/","title":{"rendered":"face aux critiques, elle d\u00e9fend son groupe Facebook"},"content":{"rendered":"<p>Depuis quelques jours, le groupe Facebook \u00ab Tu es de Roche-la-Moli\u00e8re si\u2026\u00a0\u00bb est en proie \u00e0 diverses pol\u00e9miques.<\/p>\n<p>Certains se plaignent de trop de posts anonymes, d\u2019autres souhaiteraient voir l\u2019administratrice Na\u00efma Belghouj-Eigenberger s\u2019entourer d\u2019aides, sans compter ceux qui y voient une page trop critique.<\/p>\n<p>\u00ab\u00a0C\u2019est lourd d\u2019administrer cette page, reconna\u00eet Na\u00efma. J\u2019essaie d\u2019y aller au moins deux fois par semaine. Cette page, elle existe pour faire plaisir aux gens, mais j\u2019ai une vie \u00e0 c\u00f4t\u00e9, je ne peux pas y \u00eatre dessus toutes les 5 minutes. Je suis aide-soignante dans un milieu d\u2019adultes d\u00e9ficients mentaux avec troubles autistiques. Je fais beaucoup d\u2019heures, on est en sous-effectifs. J\u2019ai quatre enfants \u00e2g\u00e9s de 5&#8230;<\/p>\n","protected":false},"excerpt":{"rendered":"Depuis quelques jours, le groupe Facebook \u00ab Tu es de Roche-la-Moli\u00e8re si\u2026\u00a0\u00bb est en proie \u00e0 diverses pol\u00e9miques.&hellip;\n","protected":false},"author":2,"featured_media":254178,"comment_status":"","ping_status":"","sticky":false,"template":"","format":"standard","meta":{"footnotes":""},"categories":[9653],"tags":[1111,11,2430,7539,1777,674,1011,27,12,25,12490,12491,4001,104],"class_list":{"0":"post-254177","1":"post","2":"type-post","3":"status-publish","4":"format-standard","5":"has-post-thumbnail","7":"category-saint-etienne","8":"tag-actu","9":"tag-actualites","10":"tag-auvergne-rhone-alpes","11":"tag-edition-loire-sud","12":"tag-eu","13":"tag-europe","14":"tag-fr","15":"tag-france","16":"tag-news","17":"tag-republique-francaise","18":"tag-roche-la-moliere","19":"tag-roche-la-moliere-bassin","20":"tag-saint-etienne","21":"tag-societe"},"share_on_mastodon":{"url":"https:\/\/pubeurope.com\/@fr\/114869207414174396","error":""},"_links":{"self":[{"href":"https:\/\/www.europesays.com\/fr\/wp-json\/wp\/v2\/posts\/254177","targetHints":{"allow":["GET"]}}],"collection":[{"href":"https:\/\/www.europesays.com\/fr\/wp-json\/wp\/v2\/posts"}],"about":[{"href":"https:\/\/www.europesays.com\/fr\/wp-json\/wp\/v2\/types\/post"}],"author":[{"embeddable":true,"href":"https:\/\/www.europesays.com\/fr\/wp-json\/wp\/v2\/users\/2"}],"replies":[{"embeddable":true,"href":"https:\/\/www.europesays.com\/fr\/wp-json\/wp\/v2\/comments?post=254177"}],"version-history":[{"count":0,"href":"https:\/\/www.europesays.com\/fr\/wp-json\/wp\/v2\/posts\/254177\/revisions"}],"wp:featuredmedia":[{"embeddable":true,"href":"https:\/\/www.europesays.com\/fr\/wp-json\/wp\/v2\/media\/254178"}],"wp:attachment":[{"href":"https:\/\/www.europesays.com\/fr\/wp-json\/wp\/v2\/media?parent=254177"}],"wp:term":[{"taxonomy":"category","embeddable":true,"href":"https:\/\/www.europesays.com\/fr\/wp-json\/wp\/v2\/categories?post=254177"},{"taxonomy":"post_tag","embeddable":true,"href":"https:\/\/www.europesays.com\/fr\/wp-json\/wp\/v2\/tags?post=254177"}],"curies":[{"name":"wp","href":"https:\/\/api.w.org\/{rel}","templated":true}]}}