{"id":254181,"date":"2025-07-17T15:10:11","date_gmt":"2025-07-17T15:10:11","guid":{"rendered":"https:\/\/www.europesays.com\/fr\/254181\/"},"modified":"2025-07-17T15:10:11","modified_gmt":"2025-07-17T15:10:11","slug":"meurthe-et-moselle-pause-douceur-chez-madame-bergamote-a-nancy","status":"publish","type":"post","link":"https:\/\/www.europesays.com\/fr\/254181\/","title":{"rendered":"Meurthe-et-Moselle. Pause douceur chez Madame Bergamote, \u00e0 Nancy"},"content":{"rendered":"<p>Dans la vie, il existe deux types de personnes\u00a0: celles qui pr\u00e9f\u00e8rent les caf\u00e9s et celles qui ne jurent que par le th\u00e9. Rassurez-vous, il y en aura pour tout le monde\u00a0!<\/p>\n<p>Install\u00e9e dans la pittoresque Grande-Rue, <a href=\"https:\/\/www.estrepublicain.fr\/economie\/2024\/08\/03\/madame-bergamote-pour-la-gourmandise-et-un-zeste-de-creativite\" target=\"_blank\" rel=\"noopener\">Madame Bergamote<\/a> vous propose une halte bien m\u00e9rit\u00e9e, dans un d\u00e9cor aux accents champ\u00eatres.<\/p>\n<p>\u00c0 l\u2019int\u00e9rieur, des fleurs et des plantes se plaisent aussi bien sur les murs que sur votre table. Mais pour une journ\u00e9e ensoleill\u00e9e, la terrasse vous para\u00eetra nettement plus attractive, et c\u2019est tout \u00e0 votre honneur\u00a0!<\/p>\n<p>Ouvert du mercredi au samedi, l\u2019\u00e9tablissement propose un service restauration, un salon de th\u00e9 et un atelier cr\u00e9atif.<\/p>\n<p>Les produits maison et plats de saison sont \u00e0 l\u2019honneur, pour le plus grand plaisir de nos amis les \u00e9picuriens.<\/p>\n","protected":false},"excerpt":{"rendered":"Dans la vie, il existe deux types de personnes\u00a0: celles qui pr\u00e9f\u00e8rent les caf\u00e9s et celles qui ne&hellip;\n","protected":false},"author":2,"featured_media":254182,"comment_status":"","ping_status":"","sticky":false,"template":"","format":"standard","meta":{"footnotes":""},"categories":[9635],"tags":[1111,11,1704,1777,674,1011,27,775,31022,6016,3457,1702,1703,12,25],"class_list":{"0":"post-254181","1":"post","2":"type-post","3":"status-publish","4":"format-standard","5":"has-post-thumbnail","7":"category-nancy","8":"tag-actu","9":"tag-actualites","10":"tag-edition-nancy-et-agglomeration","11":"tag-eu","12":"tag-europe","13":"tag-fr","14":"tag-france","15":"tag-grand-est","16":"tag-le-guide-de-lete-lorraine","17":"tag-magazine-cuisine-et-vins","18":"tag-meurthe-et-moselle","19":"tag-nancy","20":"tag-nancy-ville-54b","21":"tag-news","22":"tag-republique-francaise"},"share_on_mastodon":{"url":"https:\/\/pubeurope.com\/@fr\/114869215129662173","error":""},"_links":{"self":[{"href":"https:\/\/www.europesays.com\/fr\/wp-json\/wp\/v2\/posts\/254181","targetHints":{"allow":["GET"]}}],"collection":[{"href":"https:\/\/www.europesays.com\/fr\/wp-json\/wp\/v2\/posts"}],"about":[{"href":"https:\/\/www.europesays.com\/fr\/wp-json\/wp\/v2\/types\/post"}],"author":[{"embeddable":true,"href":"https:\/\/www.europesays.com\/fr\/wp-json\/wp\/v2\/users\/2"}],"replies":[{"embeddable":true,"href":"https:\/\/www.europesays.com\/fr\/wp-json\/wp\/v2\/comments?post=254181"}],"version-history":[{"count":0,"href":"https:\/\/www.europesays.com\/fr\/wp-json\/wp\/v2\/posts\/254181\/revisions"}],"wp:featuredmedia":[{"embeddable":true,"href":"https:\/\/www.europesays.com\/fr\/wp-json\/wp\/v2\/media\/254182"}],"wp:attachment":[{"href":"https:\/\/www.europesays.com\/fr\/wp-json\/wp\/v2\/media?parent=254181"}],"wp:term":[{"taxonomy":"category","embeddable":true,"href":"https:\/\/www.europesays.com\/fr\/wp-json\/wp\/v2\/categories?post=254181"},{"taxonomy":"post_tag","embeddable":true,"href":"https:\/\/www.europesays.com\/fr\/wp-json\/wp\/v2\/tags?post=254181"}],"curies":[{"name":"wp","href":"https:\/\/api.w.org\/{rel}","templated":true}]}}