{"id":254191,"date":"2025-07-17T15:15:11","date_gmt":"2025-07-17T15:15:11","guid":{"rendered":"https:\/\/www.europesays.com\/fr\/254191\/"},"modified":"2025-07-17T15:15:11","modified_gmt":"2025-07-17T15:15:11","slug":"apres-lille-montpellier-sera-la-seule-autre-ville-a-accueillir-cette-animation","status":"publish","type":"post","link":"https:\/\/www.europesays.com\/fr\/254191\/","title":{"rendered":"apr\u00e8s Lille, Montpellier sera la seule autre ville \u00e0 accueillir cette animation"},"content":{"rendered":"<p>\nUn Fan Park pour vivre pleinement le Tour de France&#8230; \u00e0 Montpellier !<\/p>\n<p>\n\u00a9 Amaury Sport organisation. Parcours de la 16e \u00e9tape du Tour de France 2025.<\/p>\n<p>Apr\u00e8s Lille, Montpellier sera la seule autre ville \u00e0 accueillir le <strong>Fan Park officiel du Tour de France.<\/strong>\u00a0Situ\u00e9\u00a0<strong>places du Nombre d\u2019Or et du Mill\u00e9naire<\/strong>, ce<a href=\"https:\/\/www.letour.fr\/fr\/fan-parks\" target=\"_blank\" rel=\"nofollow noopener\"> village anim\u00e9<\/a> et gratuit offrira animations interactives, stands ludiques et un espace d\u00e9tente\u00a0avec \u00e9cran g\u00e9ant pour suivre la 16e \u00e9tape. Les horaires du Fan Park : Lundi 21 juillet : 14h-19h, Mardi 22 juillet : 10h-18h. Plus d\u2019informations, <a href=\"https:\/\/www.letour.fr\/fr\/fan-parks\" target=\"_blank\" rel=\"nofollow noopener\">cliquez ici. <\/a><\/p>\n<p>L\u2019exposition \u00ab\u00a0La collection Tour de France Louis Nicollin\u00a0\u00bb<\/p>\n<p>Install\u00e9e \u00e0 l\u2019H\u00f4tel de Ville, du 10 juillet au 1er ao\u00fbt, cette exposition met \u00e0 l\u2019honneur une vingtaine de pi\u00e8ces rares et embl\u00e9matiques retra\u00e7ant l\u2019histoire du<strong> Tour de France. <\/strong>V\u00e9ritables t\u00e9moins de la l\u00e9gende cycliste, ces objets sont expos\u00e9s pour la premi\u00e8re fois au public, dans une sc\u00e9nographie sp\u00e9cialement con\u00e7ue pour l\u2019\u00e9v\u00e9nement. Vous allez pouvoir d\u00e9couvrir <strong>des pi\u00e8ces majeures (maillots, v\u00e9los, \u2026)<\/strong> ayant appartenu \u00e0 d\u2019immenses cyclistes fran\u00e7ais et internationaux. Du 10 juillet 2025 au 1 ao\u00fbt 2025 \u2013 Le lundi, mardi, mercredi et vendredi de 8h30 \u00e0 17h30 ; le jeudi de 10h \u00e0 19h. Entr\u00e9e libre. A lire aussi : <a href=\"https:\/\/infoccitanie.fr\/montpellier-circulation-et-transports-perturbes-pour-le-tour-de-france\/\" rel=\"nofollow noopener\" target=\"_blank\">les perturbations de circulation \u00e0 Montpellier pour le Tour de France. <\/a><\/p>\n","protected":false},"excerpt":{"rendered":"Un Fan Park pour vivre pleinement le Tour de France&#8230; \u00e0 Montpellier ! \u00a9 Amaury Sport organisation. Parcours&hellip;\n","protected":false},"author":2,"featured_media":254192,"comment_status":"","ping_status":"","sticky":false,"template":"","format":"standard","meta":{"footnotes":""},"categories":[9599],"tags":[1111,11,1777,674,1011,27,2208,12,2680,25,210],"class_list":{"0":"post-254191","1":"post","2":"type-post","3":"status-publish","4":"format-standard","5":"has-post-thumbnail","7":"category-montpellier","8":"tag-actu","9":"tag-actualites","10":"tag-eu","11":"tag-europe","12":"tag-fr","13":"tag-france","14":"tag-montpellier","15":"tag-news","16":"tag-occitanie","17":"tag-republique-francaise","18":"tag-tour-de-france"},"share_on_mastodon":{"url":"https:\/\/pubeurope.com\/@fr\/114869234807867812","error":""},"_links":{"self":[{"href":"https:\/\/www.europesays.com\/fr\/wp-json\/wp\/v2\/posts\/254191","targetHints":{"allow":["GET"]}}],"collection":[{"href":"https:\/\/www.europesays.com\/fr\/wp-json\/wp\/v2\/posts"}],"about":[{"href":"https:\/\/www.europesays.com\/fr\/wp-json\/wp\/v2\/types\/post"}],"author":[{"embeddable":true,"href":"https:\/\/www.europesays.com\/fr\/wp-json\/wp\/v2\/users\/2"}],"replies":[{"embeddable":true,"href":"https:\/\/www.europesays.com\/fr\/wp-json\/wp\/v2\/comments?post=254191"}],"version-history":[{"count":0,"href":"https:\/\/www.europesays.com\/fr\/wp-json\/wp\/v2\/posts\/254191\/revisions"}],"wp:featuredmedia":[{"embeddable":true,"href":"https:\/\/www.europesays.com\/fr\/wp-json\/wp\/v2\/media\/254192"}],"wp:attachment":[{"href":"https:\/\/www.europesays.com\/fr\/wp-json\/wp\/v2\/media?parent=254191"}],"wp:term":[{"taxonomy":"category","embeddable":true,"href":"https:\/\/www.europesays.com\/fr\/wp-json\/wp\/v2\/categories?post=254191"},{"taxonomy":"post_tag","embeddable":true,"href":"https:\/\/www.europesays.com\/fr\/wp-json\/wp\/v2\/tags?post=254191"}],"curies":[{"name":"wp","href":"https:\/\/api.w.org\/{rel}","templated":true}]}}