{"id":254193,"date":"2025-07-17T15:16:09","date_gmt":"2025-07-17T15:16:09","guid":{"rendered":"https:\/\/www.europesays.com\/fr\/254193\/"},"modified":"2025-07-17T15:16:09","modified_gmt":"2025-07-17T15:16:09","slug":"ou-manger-les-meilleures-frites-a-rouen-notre-critique-culinaire-donne-son-top-3","status":"publish","type":"post","link":"https:\/\/www.europesays.com\/fr\/254193\/","title":{"rendered":"O\u00f9 manger les meilleures frites \u00e0 Rouen ? Notre critique culinaire donne son top 3"},"content":{"rendered":"<p>            Par<br \/>\n        <strong><br \/>\n            <a href=\"https:\/\/actu.fr\/auteur\/laredaction\" title=\"Consulter tous les articles de R\u00e9daction Normandie\" rel=\"nofollow noopener\" target=\"_blank\">R\u00e9daction Normandie<\/a><br \/>\n        <\/strong><\/p>\n<p>        Publi\u00e9 le<\/p>\n<p>            17 juil. 2025 \u00e0 16h47        <\/p>\n<p><strong>Des frites, des frites, des frites !<\/strong> Oui mais lesquelles sont<strong> les meilleures \u00e0 Rouen<\/strong> ? En ce mois de juillet 2025, on a demand\u00e9<strong> son avis \u00e0 notre critique culinaire<\/strong>, qui teste r\u00e9guli\u00e8rement de nouvelles adresses en ville (<a href=\"https:\/\/actu.fr\/normandie\/rouen_76540\/notre-critique-a-teste-le-bar-japonais-edo-a-rouen-et-il-a-plutot-bien-aime_62913406.html\" rel=\"nofollow noopener\" target=\"_blank\">comme Edo derni\u00e8rement<\/a>). Voici son avis, <strong>forc\u00e9ment subjectif, mais argument\u00e9.<\/strong><\/p>\n<p>Fuir la basique frite<\/p>\n<p class=\" wall-content\">Lorsqu\u2019on m\u2019a demand\u00e9 s\u2019il \u00e9tait envisageable d\u2019\u00e9crire un article sur les trois meilleures frites de Rouen, j\u2019avoue avoir eu deux r\u00e9actions. La premi\u00e8re, une sorte de surprise m\u00eal\u00e9e de d\u00e9fi. Car la frite a contre elle, du point de vue du critique, <strong>deux lourds points n\u00e9gatifs<\/strong> ! D\u2019abord les restaurants gastronomiques ou assimil\u00e9s se vexent quand on leur demande des frites. Ensuite la frite traine une r\u00e9putation de fastfood insipide.<\/p>\n<p class=\" wall-content\">Pourtant dans le m\u00eame temps, <strong>le frite num\u00e9ro 1 de la m\u00e9tropole m\u2019est venue imm\u00e9diatement comme une \u00e9vidence<\/strong> ! Et c\u2019est pr\u00e9cis\u00e9ment l\u2019anti id\u00e9e re\u00e7ue de la frite\u2026<\/p>\n<p class=\" wall-content\">Alors, j\u2019ai commenc\u00e9 \u00e0 passer en revue ma m\u00e9moire gustative des frites rouennaises et je dois bien dire que <strong>beaucoup ne m\u2019ont pas laiss\u00e9 un souvenir imp\u00e9rissable<\/strong> sinon en forme de \u00ab\u00a0tiens-toi \u00e0 distance\u00a0\u00bb.<\/p>\n<p class=\" wall-content\">Car souvent <strong>non seulement elles ne sont pas maison<\/strong>, mais elles oscillent (ou cumulent) entre le mou pas cuit et le froid carbonis\u00e9. Sans compter que le fond de l\u2019assiette ou du cornet est un amas de petits morceaux cramoisis qu\u2019on ne finit jamais.<\/p>\n<p>Quelles frites donnent la frite ?<\/p>\n<p class=\" wall-content\">Alors je me suis demand\u00e9 <strong>ce qu\u2019on pouvait attendre d\u2019une bonne frite<\/strong>, de celle dont on raffole en Belgique par exemple.<\/p>\n<p class=\" wall-content\">Le croustillant, le fondant en m\u00eame temps, le go\u00fbt de la pomme de terre, la gestion du gras, la fermet\u00e9 qui croque, mais lib\u00e8re une l\u00e9g\u00e8re impression de patate fondante. Et puis une frite qui reste agr\u00e9able au del\u00e0 de 5 minutes sans s\u2019ass\u00e9cher ou devenir flasque et froide.<\/p>\n<p class=\" wall-content\">Bref, une frite <strong>qui n\u2019est pas que l\u2019accompagnement \u00e9conomique<\/strong>, mais un moment de plaisir \u00e0 part enti\u00e8re.<\/p>\n<p>Le top 3 des frites \u00e0 Rouen : le verdict de notre critique<\/p>\n<p class=\" wall-content\">Alors dans un top trois crescendo de ces qualit\u00e9s voici une s\u00e9lection de maisons de la m\u00e9tropole rouennaise, sachant que je suis loin d\u2019avoir test\u00e9 toutes des frites de Rouen !<\/p>\n<p class=\" wall-content\"><strong>En troisi\u00e8me position, La Terrasse, place du Vieux March\u00e9<\/strong>. Outre l\u2019ambiance \u00ab\u00a0entre deux\u00a0\u00bb de la brasserie aux plats travaill\u00e9s et du tapas entre copains, l\u2019assiette de frites est un vrai plaisir. Croquante sous la dent et chaleureusement fondante sous la langue. Une belle tenue ferme qui se maintient tout le temps du burger sans baisser en qualit\u00e9 en refroidissant.<\/p>\n<p class=\" wall-content\">En deuxi\u00e8me position, travaillant plus sur le c\u00f4t\u00e9 fondant et onctueux, moins croquante, mais avec un gout plus prononc\u00e9 de pomme de terre, la frite <strong>du Bistrot Nova, place du lieutenant Aubert<\/strong>. Je confesse m\u00eame qu\u2019un temps j\u2019y retournais pr\u00e9cis\u00e9ment pour cette alliance du go\u00fbt et du fondant.<\/p>\n<p class=\" wall-content\">Enfin, en premi\u00e8re position, et de tr\u00e8s loin, la navette de frites qui accompagne tous les plats (en plus de leur garniture) <strong>de l\u2019Hermitage \u00e0 la Bouille<\/strong>. Un restaurant gastronomique de haut vol qui se plait \u00e0 servir des frites parfaites, cuites, \u00e0 la Belge, dans le blanc de boeuf. Elles allient fermet\u00e9 tendre, onctuosit\u00e9 douce et go\u00fbt subtile de pomme de terre et de graisse de boeuf. Ici, la frite n\u2019est pas un accompagnement, c\u2019est un ornement pour lui m\u00eame.<\/p>\n<p class=\" wall-content\">Et selon vous, o\u00f9 trouve-t-on les meilleures frites du coin ?<\/p>\n<p>Comment travaille notre critique<\/p>\n<p>Cette critique a \u00e9t\u00e9 r\u00e9alis\u00e9e par Cyril Brun, collaborateur r\u00e9gulier de 76actu. Professionnel du milieu de la restauration, il teste de nombreux restaurants depuis plusieurs ann\u00e9es. <\/p>\n<p>Avec objectivit\u00e9, il livre donc son avis sur les nouvelles cuisines de Rouen et du Havre, en prenant en compte plusieurs crit\u00e8res : <br \/>\u2022 le positionnement du restaurant. On ne juge pas une brasserie comme on juge un gastronomique \u00e9toil\u00e9 ;<br \/>\u2022 la qualit\u00e9 des plats servis, en prenant en compte le temps de pr\u00e9paration, la cuisson, la cr\u00e9ativit\u00e9, les ar\u00f4mes, l&rsquo;\u00e9quilibre des saveurs, l&rsquo;originalit\u00e9&#8230; ;<br \/>\u2022 la qualit\u00e9 du service ;<br \/>\u2022 la qualit\u00e9 des vins.<\/p>\n<p>Enfin, comme le rappelle Cyril Brun, la critique est \u00ab une photo destin\u00e9e \u00e0 \u00e9clairer le client. Bien entendu, une photo n&rsquo;est pas une vid\u00e9o. Mais le client est en droit de savoir qu&rsquo;il risque de tomber sur une mauvaise photo ou une belle image \u00bb. Ou plus simplement, \u00e0 chacun aussi de se faire son avis !<\/p>\n<p class=\" wall-content\"><strong>Cyril Brun<\/strong><\/p>\n<p class=\" wall-content\">Suivez toute l\u2019actualit\u00e9 de vos villes et m\u00e9dias favoris en vous inscrivant \u00e0 <a href=\"https:\/\/moncompte.actu.fr\" title=\"D\u00e9couvez Mon Actu\" rel=\"nofollow noopener\" data-trk=\"{&quot;cta&quot;:{&quot;action&quot;:&quot;https:\\\/\\\/moncompte.actu.fr&quot;,&quot;category&quot;:&quot;mon compte&quot;,&quot;from&quot;:&quot;article footer&quot;,&quot;name&quot;:&quot;Mon actu&quot;,&quot;type&quot;:&quot;cta&quot;}}\" target=\"_blank\">Mon Actu<\/a>.<\/p>\n","protected":false},"excerpt":{"rendered":"Par R\u00e9daction Normandie Publi\u00e9 le 17 juil. 2025 \u00e0 16h47 Des frites, des frites, des frites ! Oui&hellip;\n","protected":false},"author":2,"featured_media":254194,"comment_status":"","ping_status":"","sticky":false,"template":"","format":"standard","meta":{"footnotes":""},"categories":[9587],"tags":[1111,11,1777,674,1011,27,1661,1757,1652,12,5161,25,1340,9590],"class_list":{"0":"post-254193","1":"post","2":"type-post","3":"status-publish","4":"format-standard","5":"has-post-thumbnail","7":"category-rouen","8":"tag-actu","9":"tag-actualites","10":"tag-eu","11":"tag-europe","12":"tag-fr","13":"tag-france","14":"tag-gastronomie","15":"tag-insolite","16":"tag-loisirs-culture","17":"tag-news","18":"tag-normandie","19":"tag-republique-francaise","20":"tag-restaurant","21":"tag-rouen"},"share_on_mastodon":{"url":"https:\/\/pubeurope.com\/@fr\/114869238728603057","error":""},"_links":{"self":[{"href":"https:\/\/www.europesays.com\/fr\/wp-json\/wp\/v2\/posts\/254193","targetHints":{"allow":["GET"]}}],"collection":[{"href":"https:\/\/www.europesays.com\/fr\/wp-json\/wp\/v2\/posts"}],"about":[{"href":"https:\/\/www.europesays.com\/fr\/wp-json\/wp\/v2\/types\/post"}],"author":[{"embeddable":true,"href":"https:\/\/www.europesays.com\/fr\/wp-json\/wp\/v2\/users\/2"}],"replies":[{"embeddable":true,"href":"https:\/\/www.europesays.com\/fr\/wp-json\/wp\/v2\/comments?post=254193"}],"version-history":[{"count":0,"href":"https:\/\/www.europesays.com\/fr\/wp-json\/wp\/v2\/posts\/254193\/revisions"}],"wp:featuredmedia":[{"embeddable":true,"href":"https:\/\/www.europesays.com\/fr\/wp-json\/wp\/v2\/media\/254194"}],"wp:attachment":[{"href":"https:\/\/www.europesays.com\/fr\/wp-json\/wp\/v2\/media?parent=254193"}],"wp:term":[{"taxonomy":"category","embeddable":true,"href":"https:\/\/www.europesays.com\/fr\/wp-json\/wp\/v2\/categories?post=254193"},{"taxonomy":"post_tag","embeddable":true,"href":"https:\/\/www.europesays.com\/fr\/wp-json\/wp\/v2\/tags?post=254193"}],"curies":[{"name":"wp","href":"https:\/\/api.w.org\/{rel}","templated":true}]}}