{"id":2542,"date":"2025-04-04T11:06:54","date_gmt":"2025-04-04T11:06:54","guid":{"rendered":"https:\/\/www.europesays.com\/fr\/2542\/"},"modified":"2025-04-04T11:06:54","modified_gmt":"2025-04-04T11:06:54","slug":"un-reve-qui-se-realise-fils-dagriculteur-un-jeune-dj-orleanais-va-mixer-devant-20-000-personnes-a-bercy","status":"publish","type":"post","link":"https:\/\/www.europesays.com\/fr\/2542\/","title":{"rendered":"\u00ab\u00a0Un r\u00eave qui se r\u00e9alise\u00a0\u00bb\u00a0: fils d\u2019agriculteur, un jeune DJ orl\u00e9anais va mixer devant 20\u00a0000 personnes \u00e0 Bercy"},"content":{"rendered":"<p class=\"paragraph text_align_left\">Pour Romain Bertheau, \u00ab c\u2019est un r\u00eave qui se r\u00e9alise \u00bb. Fin mars, ce jeune Orl\u00e9anais de 19 ans a re\u00e7u un appel de Fun Radio. \u00ab On m\u2019a dit que j\u2019\u00e9tais l\u2019un des deux gagnants du concours qu\u2019ils avaient organis\u00e9 pour la premi\u00e8re partie du show Fun Radio Ibiza Experience \u00e0 l\u2019Accor Arena. \u00bb<\/p>\n<p class=\"paragraph text_align_left\">Ce vendredi 4 avril, le jeune homme, alias \u00ab Rovinsky \u00bb de son nom de sc\u00e8ne, se produira donc \u00e0 Bercy, \u00e0 17h30, pour un DJ set de 30 minutes devant 20 000 personnes, juste avant des stars comme Robin Schulz, Showtek, Morten, Dimitri Vegas ou James Hype. \u00ab Je n\u2019ai m\u00eame pas les mots, l\u00e0 on entre dans les hautes sph\u00e8res \u00bb, savoure cet \u00e9tudiant, actuellement en 2e ann\u00e9e de droit \u00e0 la fac d\u2019Orl\u00e9ans.<\/p>\n<p>\u00ab Une exp\u00e9rience de fou \u00bb<\/p>\n<p class=\"paragraph text_align_left\">Originaire de Tra\u00eenou, ce fils d\u2019agriculteur, adepte de l\u2019Electro House, a commenc\u00e9 \u00e0 mixer lorsqu\u2019il avait une douzaine d\u2019ann\u00e9es, d\u2019abord en famille ou pour ses amis, puis lors d\u2019\u00e9v\u00e9nements priv\u00e9s, et enfin dans des festivals. Cet \u00e9t\u00e9, son calendrier est d\u00e9j\u00e0 bien rempli. \u00ab Je me suis mis \u00e0 participer \u00e0 des tremplins et j\u2019en ai gagn\u00e9 quatre \u00bb, ajoute le jeune DJ qui, juste apr\u00e8s Bercy, postulera au DJ Cast d\u2019Orl\u00e9ans pour le traditionnel set \u00e9lectro des f\u00eates de Jeanne d\u2019Arc.<\/p>\n<p class=\"paragraph text_align_left\">Pour sa soir\u00e9e de vendredi, cet admirateur de David Guetta et DJ Snake a d\u00e9j\u00e0 longuement travaill\u00e9 afin de peaufiner son set et se pr\u00e9pare \u00e0 vivre \u00ab une exp\u00e9rience de fou \u00bb. L\u2019avenir, il y songe, bien s\u00fbr, et esp\u00e8re bien que cette soir\u00e9e \u00ab va lui ouvrir des portes \u00bb, mais il garde la t\u00eate froide. Et en attendant, il donne la priorit\u00e9 \u00e0 ses \u00e9tudes &#8211; valider son ann\u00e9e et continuer -, avec le master en ligne de mire.<\/p>\n","protected":false},"excerpt":{"rendered":"Pour Romain Bertheau, \u00ab c\u2019est un r\u00eave qui se r\u00e9alise \u00bb. Fin mars, ce jeune Orl\u00e9anais de 19&hellip;\n","protected":false},"author":2,"featured_media":2543,"comment_status":"","ping_status":"","sticky":false,"template":"","format":"standard","meta":{"footnotes":""},"categories":[1888],"tags":[917,11,872,459,1777,674,1011,27,1923,12,626,25],"class_list":{"0":"post-2542","1":"post","2":"type-post","3":"status-publish","4":"format-standard","5":"has-post-thumbnail","7":"category-paris","8":"tag-actu-locale","9":"tag-actualites","10":"tag-culture-et-loisirs","11":"tag-departements-horsidfo","12":"tag-eu","13":"tag-europe","14":"tag-fr","15":"tag-france","16":"tag-loiret-45","17":"tag-news","18":"tag-paris","19":"tag-republique-francaise"},"share_on_mastodon":{"url":"https:\/\/pubeurope.com\/@fr\/114279379391099422","error":""},"_links":{"self":[{"href":"https:\/\/www.europesays.com\/fr\/wp-json\/wp\/v2\/posts\/2542","targetHints":{"allow":["GET"]}}],"collection":[{"href":"https:\/\/www.europesays.com\/fr\/wp-json\/wp\/v2\/posts"}],"about":[{"href":"https:\/\/www.europesays.com\/fr\/wp-json\/wp\/v2\/types\/post"}],"author":[{"embeddable":true,"href":"https:\/\/www.europesays.com\/fr\/wp-json\/wp\/v2\/users\/2"}],"replies":[{"embeddable":true,"href":"https:\/\/www.europesays.com\/fr\/wp-json\/wp\/v2\/comments?post=2542"}],"version-history":[{"count":0,"href":"https:\/\/www.europesays.com\/fr\/wp-json\/wp\/v2\/posts\/2542\/revisions"}],"wp:featuredmedia":[{"embeddable":true,"href":"https:\/\/www.europesays.com\/fr\/wp-json\/wp\/v2\/media\/2543"}],"wp:attachment":[{"href":"https:\/\/www.europesays.com\/fr\/wp-json\/wp\/v2\/media?parent=2542"}],"wp:term":[{"taxonomy":"category","embeddable":true,"href":"https:\/\/www.europesays.com\/fr\/wp-json\/wp\/v2\/categories?post=2542"},{"taxonomy":"post_tag","embeddable":true,"href":"https:\/\/www.europesays.com\/fr\/wp-json\/wp\/v2\/tags?post=2542"}],"curies":[{"name":"wp","href":"https:\/\/api.w.org\/{rel}","templated":true}]}}