{"id":254207,"date":"2025-07-17T15:24:10","date_gmt":"2025-07-17T15:24:10","guid":{"rendered":"https:\/\/www.europesays.com\/fr\/254207\/"},"modified":"2025-07-17T15:24:10","modified_gmt":"2025-07-17T15:24:10","slug":"a-strasbourg-velhop-elargit-son-offre-de-location-de-velos-et-modifie-ses-tarifs-on-fait-le-point","status":"publish","type":"post","link":"https:\/\/www.europesays.com\/fr\/254207\/","title":{"rendered":"\u00c0 Strasbourg, V\u00e9lhop \u00e9largit son offre de location de v\u00e9los et modifie ses tarifs : on\u00a0fait\u00a0le\u00a0point"},"content":{"rendered":"<p>            Par<br \/>\n        <strong><br \/>\n            <a href=\"https:\/\/actu.fr\/auteur\/emil-vautrin\" title=\"Consulter tous les articles de Emil Vautrin\" target=\"_blank\" rel=\"noopener\">Emil Vautrin<\/a><br \/>\n        <\/strong><\/p>\n<p>        Publi\u00e9 le<\/p>\n<p>            17 juil. 2025 \u00e0 17h01        <\/p>\n<p>Apr\u00e8s un <a href=\"https:\/\/actu.fr\/grand-est\/strasbourg_67482\/lancement-difficile-du-velhop-en-libre-service-la-presidente-de-strasbourg-mobilites-nous-repond_60284756.html\" target=\"_blank\" rel=\"noopener\">lancement difficile<\/a> fin octobre\u00a02023, <strong>V\u00e9lhop<\/strong> est aujourd\u2019hui un service bien implant\u00e9 \u00e0 <a href=\"https:\/\/actu.fr\/grand-est\/strasbourg_67482\" target=\"_blank\" rel=\"noopener\">Strasbourg<\/a>. D\u2019apr\u00e8s la soci\u00e9t\u00e9, les locations totales de v\u00e9los \u00e9lectriques ont \u00e9t\u00e9 multipli\u00e9es par deux entre\u00a02022 et\u00a02024.<\/p>\n<p class=\" wall-content\">Depuis d\u00e9but juillet, <strong>de nouvelles formules sont propos\u00e9es<\/strong>, en abonnement longue dur\u00e9e comme en libre-service.<\/p>\n<p>De nouveaux abonnements longue dur\u00e9e pour tous<\/p>\n<p class=\" wall-content\">Si vous souhaitez tester le v\u00e9lo \u00e0 assistance \u00e9lectrique sur une p\u00e9riode prolong\u00e9e avant d\u2019en acheter un, une formule annuelle \u00e0 <strong>42\u00a0\u20ac\/mois<\/strong> (504\u00a0\u20ac TTC l\u2019ann\u00e9e) est d\u00e9sormais disponible.<\/p>\n<p class=\" wall-content\">Pour les v\u00e9los-cargos, une formule de trois mois \u00e0<strong> 85\u00a0\u20ac\/mois<\/strong> a \u00e9t\u00e9 cr\u00e9\u00e9e <strong>(255\u00a0\u20ac le trimestre)<\/strong>.<\/p>\n<p>Des r\u00e9ductions pour les \u00e9tudiants les plus pr\u00e9caires<\/p>\n<p class=\" wall-content\">Concernant les <strong>\u00e9tudiants, <\/strong>V\u00e9lhop propose d\u00e9sormais en compl\u00e9ment du forfait 10\u00a0mois classique, une formule annuelle \u00e0<strong> 54\u00a0\u20ac<\/strong>, soit <strong>4,50\u00a0\u20ac par mois<\/strong>. Pour y avoir acc\u00e8s, il suffit de poss\u00e9der une carte \u00e9tudiante en cours de validit\u00e9.<\/p>\n<p>Vid\u00e9os : en ce moment sur Actu<\/p>\n<p class=\" wall-content\">Les \u00e9tudiants <strong>boursiers<\/strong> ou b\u00e9n\u00e9ficiaires de l\u2019ASAA (\u00e9chelons 3 \u00e0 7), ainsi que les \u00e9tudiants non boursiers et b\u00e9n\u00e9ficiaires des repas du CROUS \u00e0 1\u00a0\u20ac ont droit \u00e0 une r\u00e9duction de 50\u2009% sur ce tarif, soit 27\u00a0\u20ac par an <a href=\"https:\/\/actu.fr\/grand-est\/strasbourg_67482\/strasbourg-velhop-un-nouveau-tarif-reduit-pour-les-etudiants-boursiers_61543410.html\" target=\"_blank\" rel=\"noopener\">contre 24\u00a0\u20ac pour l\u2019ancienne formule<\/a> 10\u00a0mois.<\/p>\n<p>La dur\u00e9e de la location en libre-service allong\u00e9e<\/p>\n<p class=\" wall-content\">D\u00e9sormais, il est possible de <strong>louer un v\u00e9lo jusqu\u2019\u00e0 48h cons\u00e9cutives<\/strong>. Il faudra cependant toujours le ramener dans la station d\u2019origine.<\/p>\n<p class=\" wall-content\"><strong>Un forfait mensuel \u00e0 25\u00a0\u20ac<\/strong> fait \u00e9galement son apparition, permettant des trajets illimit\u00e9s tout au long du mois. Chaque trajet peut durer jusqu\u2019\u00e0 48h cons\u00e9cutives, avec restitution obligatoire du v\u00e9lo dans la station d\u2019origine.<\/p>\n<p class=\" wall-content\">\u00c0 noter \u00e9galement que <strong>trois nouvelles stations<\/strong> existent depuis le 1\u1d49\u02b3 juillet\u2009: R\u00e9publique<br \/>(rue Auguste Lamey), Robertsau Boecklin et Citadelle (rue de Sarajevo).<\/p>\n<p class=\" wall-content\">Suivez toute l\u2019actualit\u00e9 de vos villes et m\u00e9dias favoris en vous inscrivant \u00e0 <a href=\"https:\/\/moncompte.actu.fr\" title=\"D\u00e9couvez Mon Actu\" rel=\"nofollow noopener\" data-trk=\"{&quot;cta&quot;:{&quot;action&quot;:&quot;https:\\\/\\\/moncompte.actu.fr&quot;,&quot;category&quot;:&quot;mon compte&quot;,&quot;from&quot;:&quot;article footer&quot;,&quot;name&quot;:&quot;Mon actu&quot;,&quot;type&quot;:&quot;cta&quot;}}\" target=\"_blank\">Mon Actu<\/a>.<\/p>\n","protected":false},"excerpt":{"rendered":"Par Emil Vautrin Publi\u00e9 le 17 juil. 2025 \u00e0 17h01 Apr\u00e8s un lancement difficile fin octobre\u00a02023, V\u00e9lhop est&hellip;\n","protected":false},"author":2,"featured_media":254208,"comment_status":"","ping_status":"","sticky":false,"template":"","format":"standard","meta":{"footnotes":""},"categories":[2820],"tags":[1111,11,1777,5342,674,1011,27,775,12,25,104,640,2803,208],"class_list":{"0":"post-254207","1":"post","2":"type-post","3":"status-publish","4":"format-standard","5":"has-post-thumbnail","7":"category-strasbourg","8":"tag-actu","9":"tag-actualites","10":"tag-eu","11":"tag-eurometropole-de-strasbourg","12":"tag-europe","13":"tag-fr","14":"tag-france","15":"tag-grand-est","16":"tag-news","17":"tag-republique-francaise","18":"tag-societe","19":"tag-strasbourg","20":"tag-transport","21":"tag-velo"},"share_on_mastodon":{"url":"https:\/\/pubeurope.com\/@fr\/114869270270500160","error":""},"_links":{"self":[{"href":"https:\/\/www.europesays.com\/fr\/wp-json\/wp\/v2\/posts\/254207","targetHints":{"allow":["GET"]}}],"collection":[{"href":"https:\/\/www.europesays.com\/fr\/wp-json\/wp\/v2\/posts"}],"about":[{"href":"https:\/\/www.europesays.com\/fr\/wp-json\/wp\/v2\/types\/post"}],"author":[{"embeddable":true,"href":"https:\/\/www.europesays.com\/fr\/wp-json\/wp\/v2\/users\/2"}],"replies":[{"embeddable":true,"href":"https:\/\/www.europesays.com\/fr\/wp-json\/wp\/v2\/comments?post=254207"}],"version-history":[{"count":0,"href":"https:\/\/www.europesays.com\/fr\/wp-json\/wp\/v2\/posts\/254207\/revisions"}],"wp:featuredmedia":[{"embeddable":true,"href":"https:\/\/www.europesays.com\/fr\/wp-json\/wp\/v2\/media\/254208"}],"wp:attachment":[{"href":"https:\/\/www.europesays.com\/fr\/wp-json\/wp\/v2\/media?parent=254207"}],"wp:term":[{"taxonomy":"category","embeddable":true,"href":"https:\/\/www.europesays.com\/fr\/wp-json\/wp\/v2\/categories?post=254207"},{"taxonomy":"post_tag","embeddable":true,"href":"https:\/\/www.europesays.com\/fr\/wp-json\/wp\/v2\/tags?post=254207"}],"curies":[{"name":"wp","href":"https:\/\/api.w.org\/{rel}","templated":true}]}}