{"id":254209,"date":"2025-07-17T15:25:11","date_gmt":"2025-07-17T15:25:11","guid":{"rendered":"https:\/\/www.europesays.com\/fr\/254209\/"},"modified":"2025-07-17T15:25:11","modified_gmt":"2025-07-17T15:25:11","slug":"25-000-euros-la-nuit-pour-400m2-de-luxe-un-jacuzzi-des-tableaux-de-maitres-on-a-visite-en-exclusivite-lincroyable-nouvelle-suite-du-negresco","status":"publish","type":"post","link":"https:\/\/www.europesays.com\/fr\/254209\/","title":{"rendered":"25.000 euros la nuit pour 400m2 de luxe, un jacuzzi, des tableaux de ma\u00eetres&#8230; on a visit\u00e9 en exclusivit\u00e9 l&rsquo;incroyable nouvelle suite du Negresco"},"content":{"rendered":"<p>Et soudain, le temps s&rsquo;arr\u00eate. Comme cet ascenseur qui nous m\u00e8ne au sommet du Negresco, mythique h\u00f4tel de la Promenade des Anglais.<\/p>\n<p>Et dont la porte s&rsquo;ouvre directement sur le hall de\u00a0la <strong>Suite d\u2019Exception Jeanne &amp; Paul,<\/strong> situ\u00e9e au 6e \u00e9tage.<\/p>\n<p>Un espace unique repens\u00e9, mais tout en restant fid\u00e8le \u00e0 l&rsquo;esprit de Jeanne Augier, qui l&rsquo;occupa plusieurs d\u00e9cennies durant.\u00a0<\/p>\n<p>\u00ab\u00a0Je pense qu\u2019elle aurait \u00e9t\u00e9 fi\u00e8re du travail que nous venons d\u2019accomplir, parce que nous avons justement <strong>conserv\u00e9 l\u2019identit\u00e9 et l\u2019ADN de son appartement<\/strong>, qui \u00e9tait sa maison\u00a0\u00bb, se f\u00e9licite Lionel Sevran, le directeur du Negresco.<\/p>\n<p>Un lieu d&rsquo;immersion et de contemplation<\/p>\n<p>&#13;<br \/>\nLe d\u00e9cor de cet espace unique de<strong>\u00a0400 m\u00b2, avec 200 m\u00b2 de terrasse priv\u00e9e<\/strong> r\u00e9partie en trois parties, offrant une vue \u00e0 180\u00b0C sur la baie des Anges, a \u00e9t\u00e9 orchestr\u00e9\u00a0par l\u2019architecte Jean-Philippe Nuel.<\/p>\n<p>Plusieurs \u00ab\u00a0meilleurs artisans de France\u00a0\u00bb, <a href=\"https:\/\/www.nicematin.com\/arts\/cagnes-sur-mer-a-son-meilleur-ouvrier-de-france-383550\" rel=\"nofollow noopener\" target=\"_blank\">comme R\u00e9gis Goldberg<\/a> (MOF 2019), <strong>staffeur ornemaniste install\u00e9 \u00e0 Cagnes-sur-Mer<\/strong>, s&rsquo;y sont succ\u00e9d\u00e9 et ont contribu\u00e9 \u00e0 la r\u00e9ussite de ce projet tant patrimonial qu&rsquo;artistique.<\/p>\n<p>Dans le respect du style de Madame Augier se marient le marbre, le bois et le tissu. <strong>Les mati\u00e8res dansent avec la lumi\u00e8re. <\/strong><\/p>\n<p><strong>Une mise en sc\u00e8ne exceptionnelle<\/strong> dans laquelle ont \u00e9t\u00e9 int\u00e9gr\u00e9es les \u0153uvres d\u2019art de la collection Augier cumul\u00e9es au fil des ann\u00e9es, <strong>comme ce tableau de Rubens,<\/strong> qui tr\u00f4ne fi\u00e8rement dans le grand salon sous la coupole.<\/p>\n<p>Un voyage \u00e0 travers le temps, <strong>du XIIIe si\u00e8cle \u00e0 nos jours.<\/strong><\/p>\n<p>Elle peut \u00eatre lou\u00e9e enti\u00e8re (Jeanne et Paul) ou s\u00e9par\u00e9ment, selon deux ambiances: Jeanne, plus f\u00e9minine et g\u00e9n\u00e9reuse, et Paul, plus \u00e9pur\u00e9e et masculine. <\/p>\n<p>Le prix \u00e0 la nuit\u00e9e se situe <strong>entre 25.000 et 30.000 euros&#8230;<\/strong>\u00a0avec d\u00e9j\u00e0 une forte demande.<\/p>\n<p>On vous fait visiter!<\/p>\n<p>                                La suite Jeanne<\/p>\n<p>              <img ci-src=\"https:\/\/www.varmatin.com\/culture\/maxnewsspecialtwo285529-OopSOzYQ.jpg?vh=1dcac6&amp;ci_seal=20eac7a973\" alt=\"\"\/><br \/>\n        Le salon sous la coupole avec le mobilier sur-mesure sign\u00e9 Pierre Frey.  <strong>Photo Frantz Bouton.<\/strong> <\/p>\n<p>              <img ci-src=\"https:\/\/www.varmatin.com\/culture\/maxnewsspecialtwo285525-PoQKfATY.jpg?vh=315b2b&amp;ci_seal=4885ac5812\" alt=\"\"\/><br \/>\n        La salle de bain de la suite Jeanne avec une oeuvre de Cyril de La Patelli\u00e8re. <strong>Photo Frantz Bouton .<\/strong> <\/p>\n<p>              <img ci-src=\"https:\/\/www.varmatin.com\/culture\/maxmatinarchtwo139314-YU1NZpPp.jpg?vh=352fa1&amp;ci_seal=6473078537\" alt=\"\"\/><br \/>\n        La chambre de la suite Jeanne. <strong>Photo Frantz Bouton.<\/strong> <\/p>\n<p>              <img ci-src=\"https:\/\/www.varmatin.com\/culture\/maxnewsspecialtwo285533-t8i5e2qo.jpg?vh=bf124c&amp;ci_seal=e2c540694b\" alt=\"\"\/><br \/>\n        Sur la terrasse de la suite Jeanne attenante au grand salon.  <strong>Photo Frantz Bouton .<\/strong> <\/p>\n<p>              <img ci-src=\"https:\/\/www.varmatin.com\/culture\/maxmatinarchtwo139309-janXG4GC.jpg?vh=08a4c6&amp;ci_seal=da7649b716\" alt=\"\"\/><br \/>\n        Sur la terrasse de la suite Jeanne. <strong>Photo Frantz Bouton .<\/strong> <\/p>\n<p>              <img ci-src=\"https:\/\/www.varmatin.com\/culture\/maxnewsspecialtwo285528-bEaHq82b.jpg?vh=e80002&amp;ci_seal=a0b8a77683\" alt=\"\"\/><br \/>\n        Dans le jacuzzi sur la terrasse de la suite Jeanne. <strong>Photo Frantz Bouton.<\/strong> <\/p>\n<p>                                La suite Paul<\/p>\n<p>              <img ci-src=\"https:\/\/www.varmatin.com\/culture\/maxmatinarchtwo139310-sH6H0fTU.jpg?vh=2a4412&amp;ci_seal=cee7fc0a33\" alt=\"\"\/><br \/>\n        La chambre de la suite Paul. <strong>Photo Frantz Bouton.<\/strong> <\/p>\n<p>              <img ci-src=\"https:\/\/www.varmatin.com\/culture\/maxnewsspecialtwo285530-UfRrtwJd.jpg?vh=94ebf4&amp;ci_seal=100e26dead\" alt=\"\"\/><br \/>\n        Sur la terrasse de la suite Paul.  <strong>Photo Frantz Bouton.<\/strong> <\/p>\n<p>Une client\u00e8le conquise<br \/>&#13;\n<\/p>\n<p>Inaugur\u00e9e en juin dernier <strong>\u00e0 l&rsquo;occasion du Sommet des oc\u00e9ans<\/strong>, la suite a d\u00e9j\u00e0 accueilli\u00a0le Premier ministre du Vietnam, un philanthrope am\u00e9ricain et, ce week-end, \u00ab\u00a0un jeune Fran\u00e7ais de 25 ans, habitu\u00e9 des palaces, qui vient s\u2019offrir la suite avec un d\u00eener d\u2019exception\u00a0\u00bb.<\/p>\n<p><strong>Pour le plus grand bonheur de Lionel Servan,<\/strong> cela montre que \u00ab\u00a0ce que nous faisons r\u00e9pond aussi aux attentes de la nouvelle g\u00e9n\u00e9ration\u00a0\u00bb.<\/p>\n","protected":false},"excerpt":{"rendered":"Et soudain, le temps s&rsquo;arr\u00eate. Comme cet ascenseur qui nous m\u00e8ne au sommet du Negresco, mythique h\u00f4tel de&hellip;\n","protected":false},"author":2,"featured_media":254210,"comment_status":"","ping_status":"","sticky":false,"template":"","format":"standard","meta":{"footnotes":""},"categories":[2819],"tags":[1111,11,251,1777,674,1011,27,12,2401,882,25],"class_list":{"0":"post-254209","1":"post","2":"type-post","3":"status-publish","4":"format-standard","5":"has-post-thumbnail","7":"category-nice","8":"tag-actu","9":"tag-actualites","10":"tag-culture","11":"tag-eu","12":"tag-europe","13":"tag-fr","14":"tag-france","15":"tag-news","16":"tag-nice","17":"tag-provence-alpes-cote-dazur","18":"tag-republique-francaise"},"share_on_mastodon":{"url":"https:\/\/pubeurope.com\/@fr\/114869274124003459","error":""},"_links":{"self":[{"href":"https:\/\/www.europesays.com\/fr\/wp-json\/wp\/v2\/posts\/254209","targetHints":{"allow":["GET"]}}],"collection":[{"href":"https:\/\/www.europesays.com\/fr\/wp-json\/wp\/v2\/posts"}],"about":[{"href":"https:\/\/www.europesays.com\/fr\/wp-json\/wp\/v2\/types\/post"}],"author":[{"embeddable":true,"href":"https:\/\/www.europesays.com\/fr\/wp-json\/wp\/v2\/users\/2"}],"replies":[{"embeddable":true,"href":"https:\/\/www.europesays.com\/fr\/wp-json\/wp\/v2\/comments?post=254209"}],"version-history":[{"count":0,"href":"https:\/\/www.europesays.com\/fr\/wp-json\/wp\/v2\/posts\/254209\/revisions"}],"wp:featuredmedia":[{"embeddable":true,"href":"https:\/\/www.europesays.com\/fr\/wp-json\/wp\/v2\/media\/254210"}],"wp:attachment":[{"href":"https:\/\/www.europesays.com\/fr\/wp-json\/wp\/v2\/media?parent=254209"}],"wp:term":[{"taxonomy":"category","embeddable":true,"href":"https:\/\/www.europesays.com\/fr\/wp-json\/wp\/v2\/categories?post=254209"},{"taxonomy":"post_tag","embeddable":true,"href":"https:\/\/www.europesays.com\/fr\/wp-json\/wp\/v2\/tags?post=254209"}],"curies":[{"name":"wp","href":"https:\/\/api.w.org\/{rel}","templated":true}]}}