{"id":254213,"date":"2025-07-17T15:27:13","date_gmt":"2025-07-17T15:27:13","guid":{"rendered":"https:\/\/www.europesays.com\/fr\/254213\/"},"modified":"2025-07-17T15:27:13","modified_gmt":"2025-07-17T15:27:13","slug":"le-ministre-des-transports-philippe-tabarot-attendu-a-nantes-vendredi-voici-pourquoi","status":"publish","type":"post","link":"https:\/\/www.europesays.com\/fr\/254213\/","title":{"rendered":"Le ministre des Transports Philippe Tabarot attendu \u00e0 Nantes vendredi : voici pourquoi"},"content":{"rendered":"<p>            Par<br \/>\n        <strong><br \/>\n            <a href=\"https:\/\/actu.fr\/auteur\/laure-gentil\" title=\"Consulter tous les articles de Laure Gentil\" target=\"_blank\" rel=\"noopener\">Laure Gentil<\/a><br \/>\n        <\/strong><\/p>\n<p>        Publi\u00e9 le<\/p>\n<p>            17 juil. 2025 \u00e0 16h41        <\/p>\n<p>Ce <strong>vendredi 18 juillet 2025<\/strong>, le ministre des Transports, <strong>Philippe Tabarot<\/strong>, se rendra \u00e0 Nantes pour signer, avec<strong> Christophe Fanichet<\/strong>, pr\u00e9sident-directeur g\u00e9n\u00e9ral de SNCF Voyageurs, la convention d\u2019exploitation<b> <\/b>pour les lignes de <a href=\"https:\/\/actu.fr\/pays-de-la-loire\/nantes_44109\/ouverture-a-la-concurrence-la-sncf-choisie-pour-les-lignes-nantes-bordeaux-et-nantes-lyon_62178015.html\" target=\"_blank\" rel=\"noopener\">train d\u2019\u00e9quilibre du territoire (TET) Nantes-Bordeaux et Nantes-Lyon.<\/a><\/p>\n<p class=\" wall-content\">Le ministre se rendra \u00e9galement au technicentre de<strong> Nantes-Blottereau<\/strong>, pour la signature entre SNCF Voyageurs et NGE du contrat de construction du<strong> futur site de maintenance.<\/strong><\/p>\n<p>Pour dix ans<\/p>\n<p class=\" wall-content\">Nantes-Bordeaux et Nantes-Lyon sont les premi\u00e8res<a href=\"https:\/\/www.ecologie.gouv.fr\/politiques-publiques\/trains-dequilibre-du-territoire-tet\" target=\"_blank\" rel=\"noopener\"> lignes TET<\/a> \u00e0 avoir \u00e9t\u00e9 ouvertes \u00e0 la concurrence.<\/p>\n<p class=\" wall-content\">Pour rappel, le 26 janvier 2025, la soci\u00e9t\u00e9 SNCF Voyageurs Oc\u00e9an a \u00e9t\u00e9 choisie par l\u2019\u00c9tat,\u00a0 pour exploiter ces deux lignes suite \u00e0 une proc\u00e9dure d\u2019<strong>appel d\u2019offres<\/strong> initi\u00e9e en septembre\u00a02022.<\/p>\n<p class=\" wall-content\">SNCF Voyageurs va ainsi obtenir apr\u00e8s cette signature, l\u2019exploitation des lignes pour une dur\u00e9e de<strong> dix ans \u00e0 partir de d\u00e9cembre 2026<\/strong>, soit jusqu\u2019en 2036.<\/p>\n<p>Vid\u00e9os : en ce moment sur Actu<\/p>\n<p class=\" wall-content\">Ces lignes, qui assurent un service de grandes lignes entre les principales villes fran\u00e7aises, sont compl\u00e9mentaires aux lignes de trains \u00e0 grande vitesse (TGV) et aux trains express r\u00e9gionaux (TER).<\/p>\n<p class=\" wall-content\">Cette nouvelle offre de trains pr\u00e9voit une augmentation du nombre de places disponibles sur les deux lignes et l\u2019ajout d\u2019un cinqui\u00e8me aller-retour sur la liaison Nantes-Bordeaux. Elle doit<strong> entrer en service en d\u00e9cembre\u00a02026.<\/strong><\/p>\n<p class=\" wall-content\">Suivez toute l\u2019actualit\u00e9 de vos villes et m\u00e9dias favoris en vous inscrivant \u00e0 <a href=\"https:\/\/moncompte.actu.fr\" title=\"D\u00e9couvez Mon Actu\" rel=\"nofollow noopener\" data-trk=\"{&quot;cta&quot;:{&quot;action&quot;:&quot;https:\\\/\\\/moncompte.actu.fr&quot;,&quot;category&quot;:&quot;mon compte&quot;,&quot;from&quot;:&quot;article footer&quot;,&quot;name&quot;:&quot;Mon actu&quot;,&quot;type&quot;:&quot;cta&quot;}}\" target=\"_blank\">Mon Actu<\/a>.<\/p>\n","protected":false},"excerpt":{"rendered":"Par Laure Gentil Publi\u00e9 le 17 juil. 2025 \u00e0 16h41 Ce vendredi 18 juillet 2025, le ministre des&hellip;\n","protected":false},"author":2,"featured_media":254214,"comment_status":"","ping_status":"","sticky":false,"template":"","format":"standard","meta":{"footnotes":""},"categories":[2818],"tags":[1111,11,1777,674,1011,27,766,12,2636,316,25,2215,2803],"class_list":{"0":"post-254213","1":"post","2":"type-post","3":"status-publish","4":"format-standard","5":"has-post-thumbnail","7":"category-nantes","8":"tag-actu","9":"tag-actualites","10":"tag-eu","11":"tag-europe","12":"tag-fr","13":"tag-france","14":"tag-nantes","15":"tag-news","16":"tag-pays-de-la-loire","17":"tag-politique","18":"tag-republique-francaise","19":"tag-sncf","20":"tag-transport"},"share_on_mastodon":{"url":"https:\/\/pubeurope.com\/@fr\/114869281976894250","error":""},"_links":{"self":[{"href":"https:\/\/www.europesays.com\/fr\/wp-json\/wp\/v2\/posts\/254213","targetHints":{"allow":["GET"]}}],"collection":[{"href":"https:\/\/www.europesays.com\/fr\/wp-json\/wp\/v2\/posts"}],"about":[{"href":"https:\/\/www.europesays.com\/fr\/wp-json\/wp\/v2\/types\/post"}],"author":[{"embeddable":true,"href":"https:\/\/www.europesays.com\/fr\/wp-json\/wp\/v2\/users\/2"}],"replies":[{"embeddable":true,"href":"https:\/\/www.europesays.com\/fr\/wp-json\/wp\/v2\/comments?post=254213"}],"version-history":[{"count":0,"href":"https:\/\/www.europesays.com\/fr\/wp-json\/wp\/v2\/posts\/254213\/revisions"}],"wp:featuredmedia":[{"embeddable":true,"href":"https:\/\/www.europesays.com\/fr\/wp-json\/wp\/v2\/media\/254214"}],"wp:attachment":[{"href":"https:\/\/www.europesays.com\/fr\/wp-json\/wp\/v2\/media?parent=254213"}],"wp:term":[{"taxonomy":"category","embeddable":true,"href":"https:\/\/www.europesays.com\/fr\/wp-json\/wp\/v2\/categories?post=254213"},{"taxonomy":"post_tag","embeddable":true,"href":"https:\/\/www.europesays.com\/fr\/wp-json\/wp\/v2\/tags?post=254213"}],"curies":[{"name":"wp","href":"https:\/\/api.w.org\/{rel}","templated":true}]}}