{"id":254221,"date":"2025-07-17T15:31:09","date_gmt":"2025-07-17T15:31:09","guid":{"rendered":"https:\/\/www.europesays.com\/fr\/254221\/"},"modified":"2025-07-17T15:31:09","modified_gmt":"2025-07-17T15:31:09","slug":"on-en-sait-plus-sur-ce-drame-et-sur-la-victime","status":"publish","type":"post","link":"https:\/\/www.europesays.com\/fr\/254221\/","title":{"rendered":"on en sait plus sur ce drame et sur la victime"},"content":{"rendered":"<p>            Par<br \/>\n        <strong><br \/>\n            <a href=\"https:\/\/actu.fr\/auteur\/anaelle-montagne\" title=\"Consulter tous les articles de Anaelle Montagne\" rel=\"nofollow noopener\" target=\"_blank\">Anaelle Montagne<\/a><br \/>\n        <\/strong><\/p>\n<p>        Publi\u00e9 le<\/p>\n<p>            17 juil. 2025 \u00e0 17h27        <\/p>\n<p>Un jeune homme de 21 ans est mort, dans la nuit du mercredi 16 au jeudi 17 juillet \u00e0 Toulouse, dans le quartier de Bellefontaine. Il a \u00e9t\u00e9 <a href=\"https:\/\/actu.fr\/occitanie\/toulouse_31555\/toulouse-coups-de-feu-au-milieu-de-la-nuit-le-jeune-homme-decede-des-suites-de-ses-blessures_62921199.html\" rel=\"nofollow noopener\" target=\"_blank\">gri\u00e8vement bless\u00e9 par balles<\/a>, peu apr\u00e8s minuit, avant de <strong>succomber \u00e0 ses blessures<\/strong> \u00e0 l\u2019h\u00f4pital de Rangueil. Un drame survenu un mois jour pour jour apr\u00e8s <a href=\"https:\/\/www.google.fr\/maps\/place\/60+All.+de+Bellefontaine,+31100+Toulouse\/@43.5653924,1.3999048,19z\/data=!4m6!3m5!1s0x12aeba3158a55555:0x3d19f245530f78f2!8m2!3d43.5657611!4d1.4000674!16s%2Fg%2F11q2nhxd13?entry=ttu&amp;g_ep=EgoyMDI1MDcxMy4wIKXMDSoASAFQAw%3D%3D\" rel=\"nofollow noopener\" target=\"_blank\">une fusillade qui a failli co\u00fbter la vie \u00e0 un jeune de 19\u00a0ans<\/a>, \u00e0 quelques centaines de m\u00e8tres de l\u00e0. On en sait plus sur la tragique fusillade, \u00ab\u00a0tr\u00e8s certainement li\u00e9e au trafic de stup\u00e9fiants\u00a0\u00bb selon le parquet de Toulouse.<\/p>\n<p>Quatre douilles sur le sol<\/p>\n<p class=\" wall-content\">Il est 00h15, jeudi 17 juillet, quand les pompiers sont appel\u00e9s \u00e0 intervenir au 57, all\u00e9e de Bellefontaine. C\u2019est <strong>un parking<\/strong> qui s\u2019\u00e9tend au pied de tours de logements, derri\u00e8re la station de m\u00e9tro \u00e9ponyme, et juste \u00e0 c\u00f4t\u00e9 du commissariat de police du secteur.<\/p>\n<p>    <a href=\"https:\/\/www.google.com\/maps\/embed?pb=!1m18!1m12!1m3!1d6875.335663900682!2d1.3982002061730767!3d43.57066393949648!2m3!1f0!2f0!3f0!3m2!1i1024!2i768!4f13.1!3m3!1m2!1s0x12aeba33dd76b083%3A0x66ab85274c73ae5c!2s57%20All.%20de%20Bellefontaine!5e0!3m2!1sen!2sfr!4v1752763226891!5m2!1sen!2sfr\" title=\"Ouvrie le lien\" rel=\"nofollow noopener\" target=\"_blank\">Cliquez ici pour visualiser le contenu<\/a><\/p>\n<p class=\" wall-content\">Rapidement, les forces de l\u2019ordre sont \u00e9galement d\u00e9p\u00each\u00e9es sur place. \u00c0 leur arriv\u00e9e, les policiers d\u00e9couvrent un groupe d\u2019une dizaine d\u2019individus \u00e0 l\u2019angle de la rue.<strong> Le jeune homme, tr\u00e8s gri\u00e8vement bless\u00e9, g\u00eet au sol.<\/strong> Inconscient, mais vivant. Il vient de recevoir plusieurs balles au niveau du ventre.<\/p>\n<p class=\" wall-content\">Imm\u00e9diatement, les secours lui prodiguent les premiers soins, tandis que les policiers \u00e9cartent la foule amass\u00e9e autour de la victime.<strong> Ils d\u00e9couvrent quatre douilles<\/strong>, dispers\u00e9es au sol.<\/p>\n<p>La jeune victime \u00e9tait connue de la justice<\/p>\n<p class=\" wall-content\">L\u2019\u00e9tat de sant\u00e9 de la victime ne s\u2019am\u00e9liorant pas, \u00ab\u2009il est tr\u00e8s rapidement transport\u00e9 jusqu\u2019\u00e0 l\u2019h\u00f4pital de Rangueil\u2009\u00bb, indique la police \u00e0 <a href=\"https:\/\/actu.fr\/toulouse\/\" rel=\"nofollow noopener\" target=\"_blank\">Actu Toulouse<\/a>. \u00ab\u2009C\u2019est l\u00e0 qu\u2019il a succomb\u00e9 \u00e0 ses blessures.\u2009\u00bb<\/p>\n<p class=\" wall-content\">Les policiers, rest\u00e9s sur les lieux du drame, tentent alors de glaner des informations concernant le ou les tireurs. <strong>Mais ils se retrouvent face \u00e0 un mur.<\/strong><\/p>\n<p class=\" wall-content\">Apr\u00e8s les v\u00e9rifications de mise, ils d\u00e9couvrent en revanche que la victime est d\u00e9j\u00e0 connue de la justice <strong>pour des faits li\u00e9s au trafic de stup\u00e9fiants<\/strong>, comme le confirme le parquet.<\/p>\n<p class=\" wall-content\">Une enqu\u00eate pour meurtre en bande organis\u00e9e a \u00e9t\u00e9 ouverte, confi\u00e9e \u00e0 la division de la criminalit\u00e9 organis\u00e9e et sp\u00e9cialis\u00e9e, pour d\u00e9terminer les circonstances pr\u00e9cises du drame et <strong>tenter de mettre la main sur le ou les coupables<\/strong>. Pour l\u2019heure, aucun suspect n\u2019a \u00e9t\u00e9 interpell\u00e9, indique le parquet \u00e0 Actu Toulouse.\u00a0<\/p>\n<p class=\" wall-content\">Suivez toute l\u2019actualit\u00e9 de vos villes et m\u00e9dias favoris en vous inscrivant \u00e0 <a href=\"https:\/\/moncompte.actu.fr\" title=\"D\u00e9couvez Mon Actu\" rel=\"nofollow noopener\" data-trk=\"{&quot;cta&quot;:{&quot;action&quot;:&quot;https:\\\/\\\/moncompte.actu.fr&quot;,&quot;category&quot;:&quot;mon compte&quot;,&quot;from&quot;:&quot;article footer&quot;,&quot;name&quot;:&quot;Mon actu&quot;,&quot;type&quot;:&quot;cta&quot;}}\" target=\"_blank\">Mon Actu<\/a>.<\/p>\n","protected":false},"excerpt":{"rendered":"Par Anaelle Montagne Publi\u00e9 le 17 juil. 2025 \u00e0 17h27 Un jeune homme de 21 ans est mort,&hellip;\n","protected":false},"author":2,"featured_media":254222,"comment_status":"","ping_status":"","sticky":false,"template":"","format":"standard","meta":{"footnotes":""},"categories":[2816],"tags":[1111,11,1777,674,118,1011,27,12,2680,1072,1311,25,2312],"class_list":{"0":"post-254221","1":"post","2":"type-post","3":"status-publish","4":"format-standard","5":"has-post-thumbnail","7":"category-toulouse","8":"tag-actu","9":"tag-actualites","10":"tag-eu","11":"tag-europe","12":"tag-faits-divers","13":"tag-fr","14":"tag-france","15":"tag-news","16":"tag-occitanie","17":"tag-police","18":"tag-pompiers","19":"tag-republique-francaise","20":"tag-toulouse"},"share_on_mastodon":{"url":"https:\/\/pubeurope.com\/@fr\/114869297701852167","error":""},"_links":{"self":[{"href":"https:\/\/www.europesays.com\/fr\/wp-json\/wp\/v2\/posts\/254221","targetHints":{"allow":["GET"]}}],"collection":[{"href":"https:\/\/www.europesays.com\/fr\/wp-json\/wp\/v2\/posts"}],"about":[{"href":"https:\/\/www.europesays.com\/fr\/wp-json\/wp\/v2\/types\/post"}],"author":[{"embeddable":true,"href":"https:\/\/www.europesays.com\/fr\/wp-json\/wp\/v2\/users\/2"}],"replies":[{"embeddable":true,"href":"https:\/\/www.europesays.com\/fr\/wp-json\/wp\/v2\/comments?post=254221"}],"version-history":[{"count":0,"href":"https:\/\/www.europesays.com\/fr\/wp-json\/wp\/v2\/posts\/254221\/revisions"}],"wp:featuredmedia":[{"embeddable":true,"href":"https:\/\/www.europesays.com\/fr\/wp-json\/wp\/v2\/media\/254222"}],"wp:attachment":[{"href":"https:\/\/www.europesays.com\/fr\/wp-json\/wp\/v2\/media?parent=254221"}],"wp:term":[{"taxonomy":"category","embeddable":true,"href":"https:\/\/www.europesays.com\/fr\/wp-json\/wp\/v2\/categories?post=254221"},{"taxonomy":"post_tag","embeddable":true,"href":"https:\/\/www.europesays.com\/fr\/wp-json\/wp\/v2\/tags?post=254221"}],"curies":[{"name":"wp","href":"https:\/\/api.w.org\/{rel}","templated":true}]}}