{"id":254223,"date":"2025-07-17T15:32:10","date_gmt":"2025-07-17T15:32:10","guid":{"rendered":"https:\/\/www.europesays.com\/fr\/254223\/"},"modified":"2025-07-17T15:32:10","modified_gmt":"2025-07-17T15:32:10","slug":"un-enorme-bouchon-en-cours","status":"publish","type":"post","link":"https:\/\/www.europesays.com\/fr\/254223\/","title":{"rendered":"un \u00e9norme bouchon en cours"},"content":{"rendered":"<p>            Par<br \/>\n        <strong><br \/>\n            <a href=\"https:\/\/actu.fr\/auteur\/david-saint-sernin\" title=\"Consulter tous les articles de David Saint-Sernin\" target=\"_blank\" rel=\"noopener\">David Saint-Sernin<\/a><br \/>\n        <\/strong><\/p>\n<p>        Publi\u00e9 le<\/p>\n<p>            17 juil. 2025 \u00e0 17h08        <\/p>\n<p>C\u2019est un accident qui occasionne un <strong>\u00e9norme bouchon<\/strong>\u00a0sur<a href=\"https:\/\/actu.fr\/tag\/peripherique-de-toulouse\" target=\"_blank\" rel=\"noopener\"> le p\u00e9riph\u00e9rique de Toulouse<\/a> ce jeudi 17\u00a0juillet 2025.<\/p>\n<p>Un v\u00e9hicule qui tracte une remorque \u00ab\u2009se met en travers\u2009\u00bb<\/p>\n<p class=\" wall-content\">Un accident s\u2019est produit au niveau de l\u2019\u00e9changeur 16 de Balma\/Soupetard, sur le p\u00e9riph\u00e9rique ext\u00e9rieur, en direction de Bordeaux.<\/p>\n<p class=\" wall-content\">\u00ab\u2009C\u2019est un v\u00e9hicule, tractant une remorque, qui s\u2019est mis en travers. Il occupe les trois voies de circulation. La circulation s\u2019effectue exceptionnellement sur la bande d\u2019arr\u00eat d\u2019urgence. La sortie est obligatoire au niveau de l\u2019\u00e9changeur 17 de Quint-Fonsegrives, vous poursuivez ensuite sur le r\u00e9seau secondaire\u2009\u00bb, explique Vinci Autoroutes.<\/p>\n<p>8\u00a0km de bouchon, \u00e9vitez le p\u00e9riph\u00e9rique ext\u00e9rieur \u00e0 l\u2019est de Toulouse<\/p>\n<p class=\" wall-content\">Vers 17h, 8 kilom\u00e8tres de bouchon, soit une heure de retenue, sont enregistr\u00e9s en amont de l\u2019accident\u2026<\/p>\n<p class=\" wall-content\">\u00ab\u2009Si vous arrivez de Carcassonne, \u00e9vitez le secteur et privil\u00e9giez le p\u00e9riph\u00e9rique int\u00e9rieur direction Saint-S\u00e9bastien-Foix-Tarbes, pour ensuite r\u00e9cup\u00e9rer l\u2019A 62\u2009\u00bb, avertit Vinci Autoroutes.<\/p>\n<p class=\" wall-content\">\n<p class=\" wall-content\">.<\/p>\n<p>Vid\u00e9os : en ce moment sur Actu<\/p>\n<p class=\" wall-content\">Suivez toute l\u2019actualit\u00e9 de vos villes et m\u00e9dias favoris en vous inscrivant \u00e0 <a href=\"https:\/\/moncompte.actu.fr\" title=\"D\u00e9couvez Mon Actu\" rel=\"nofollow noopener\" data-trk=\"{&quot;cta&quot;:{&quot;action&quot;:&quot;https:\\\/\\\/moncompte.actu.fr&quot;,&quot;category&quot;:&quot;mon compte&quot;,&quot;from&quot;:&quot;article footer&quot;,&quot;name&quot;:&quot;Mon actu&quot;,&quot;type&quot;:&quot;cta&quot;}}\" target=\"_blank\">Mon Actu<\/a>.<\/p>\n<ul class=\"ac-article-tag wall-content\">\n<li><a href=\"https:\/\/actu.fr\/tag\/accident\" data-trk=\"{&quot;cta&quot;:{&quot;action&quot;:&quot;Accident&quot;,&quot;category&quot;:&quot;tag&quot;,&quot;from&quot;:&quot;article footer&quot;,&quot;name&quot;:&quot;Accident&quot;,&quot;type&quot;:&quot;cta&quot;}}\" target=\"_blank\" rel=\"noopener\">#Accident<\/a><\/li>\n<li><a href=\"https:\/\/actu.fr\/tag\/peripherique-de-toulouse\" data-trk=\"{&quot;cta&quot;:{&quot;action&quot;:&quot;P\\u00e9riph\\u00e9rique de Toulouse&quot;,&quot;category&quot;:&quot;tag&quot;,&quot;from&quot;:&quot;article footer&quot;,&quot;name&quot;:&quot;P\\u00e9riph\\u00e9rique de Toulouse&quot;,&quot;type&quot;:&quot;cta&quot;}}\" target=\"_blank\" rel=\"noopener\">#P\u00e9riph\u00e9rique de Toulouse<\/a><\/li>\n<\/ul>\n","protected":false},"excerpt":{"rendered":"Par David Saint-Sernin Publi\u00e9 le 17 juil. 2025 \u00e0 17h08 C\u2019est un accident qui occasionne un \u00e9norme bouchon\u00a0sur&hellip;\n","protected":false},"author":2,"featured_media":254224,"comment_status":"","ping_status":"","sticky":false,"template":"","format":"standard","meta":{"footnotes":""},"categories":[2816],"tags":[119,1111,11,1777,674,1011,27,12,2680,4800,25,104,2312],"class_list":{"0":"post-254223","1":"post","2":"type-post","3":"status-publish","4":"format-standard","5":"has-post-thumbnail","7":"category-toulouse","8":"tag-accident","9":"tag-actu","10":"tag-actualites","11":"tag-eu","12":"tag-europe","13":"tag-fr","14":"tag-france","15":"tag-news","16":"tag-occitanie","17":"tag-peripherique-de-toulouse","18":"tag-republique-francaise","19":"tag-societe","20":"tag-toulouse"},"share_on_mastodon":{"url":"https:\/\/pubeurope.com\/@fr\/114869302094764326","error":""},"_links":{"self":[{"href":"https:\/\/www.europesays.com\/fr\/wp-json\/wp\/v2\/posts\/254223","targetHints":{"allow":["GET"]}}],"collection":[{"href":"https:\/\/www.europesays.com\/fr\/wp-json\/wp\/v2\/posts"}],"about":[{"href":"https:\/\/www.europesays.com\/fr\/wp-json\/wp\/v2\/types\/post"}],"author":[{"embeddable":true,"href":"https:\/\/www.europesays.com\/fr\/wp-json\/wp\/v2\/users\/2"}],"replies":[{"embeddable":true,"href":"https:\/\/www.europesays.com\/fr\/wp-json\/wp\/v2\/comments?post=254223"}],"version-history":[{"count":0,"href":"https:\/\/www.europesays.com\/fr\/wp-json\/wp\/v2\/posts\/254223\/revisions"}],"wp:featuredmedia":[{"embeddable":true,"href":"https:\/\/www.europesays.com\/fr\/wp-json\/wp\/v2\/media\/254224"}],"wp:attachment":[{"href":"https:\/\/www.europesays.com\/fr\/wp-json\/wp\/v2\/media?parent=254223"}],"wp:term":[{"taxonomy":"category","embeddable":true,"href":"https:\/\/www.europesays.com\/fr\/wp-json\/wp\/v2\/categories?post=254223"},{"taxonomy":"post_tag","embeddable":true,"href":"https:\/\/www.europesays.com\/fr\/wp-json\/wp\/v2\/tags?post=254223"}],"curies":[{"name":"wp","href":"https:\/\/api.w.org\/{rel}","templated":true}]}}