{"id":254225,"date":"2025-07-17T15:33:12","date_gmt":"2025-07-17T15:33:12","guid":{"rendered":"https:\/\/www.europesays.com\/fr\/254225\/"},"modified":"2025-07-17T15:33:12","modified_gmt":"2025-07-17T15:33:12","slug":"fete-du-pain-guinguettes-expo-dino-que-faire-du-cote-de-lille-le-week-end-des-19-et-20-juillet","status":"publish","type":"post","link":"https:\/\/www.europesays.com\/fr\/254225\/","title":{"rendered":"F\u00eate du pain, guinguettes, expo dino\u2026 Que faire du c\u00f4t\u00e9 de Lille le week-end des 19 et 20 juillet\u00a0?"},"content":{"rendered":"<p>            Par<br \/>\n        <strong><br \/>\n            <a href=\"https:\/\/actu.fr\/auteur\/amandine-vachez\" title=\"Consulter tous les articles de Amandine Vachez\" rel=\"nofollow noopener\" target=\"_blank\">Amandine Vachez<\/a><br \/>\n        <\/strong><\/p>\n<p>        Publi\u00e9 le<\/p>\n<p>            17 juil. 2025 \u00e0 16h48        <\/p>\n<p>Apr\u00e8s une courte semaine, le<b> week-end <\/b>se profile\u2009! Si vous \u00eates en qu\u00eate d\u2019<b>id\u00e9es de sorties pour les 19 et 20\u00a0juillet 2025<\/b>, voil\u00e0 quelques pistes, du c\u00f4t\u00e9 de <a href=\"https:\/\/actu.fr\/lille\/\" rel=\"nofollow noopener\" target=\"_blank\">Lille<\/a> (Nord). Le <a href=\"https:\/\/actu.fr\/societe\/apres-une-nuit-orageuse-quelles-previsions-meteo-pour-cette-semaine-sur-le-nord-pas-de-calais_62908253.html\" rel=\"nofollow noopener\" target=\"_blank\">temps \u00e9tant incertain cette fin de semaine<\/a>, nous vous avons concoct\u00e9 une<b> s\u00e9lection avec des activit\u00e9s ext\u00e9rieures\u2026 et d\u2019int\u00e9rieur\u2009!<\/b><\/p>\n<p>Nos id\u00e9es de sorties pour ce week-end du c\u00f4t\u00e9 de Lille<\/p>\n<ul class=\" wall-content\">\n<li><b>Voyage au 19e si\u00e8cle, pour la F\u00eate du pain<\/b><br \/>Dimanche 20\u00a0juillet, une immersion dans le 19\u00e8me si\u00e8cle aura lieu au Mus\u00e9e de Plein Air de Villeneuve-d\u2019Ascq pour la F\u00eate du pain. Ateliers et visites vous attendent. On vous en dit plus <a href=\"https:\/\/actu.fr\/hauts-de-france\/villeneuve-d-ascq_59009\/villeneuve-dascq-ateliers-visites-et-immersion-dans-le-19e-siecle-avec-la-fete-du-pain_62913279.html\" rel=\"nofollow noopener\" target=\"_blank\">dans un article consacr\u00e9 au sujet<\/a>.<\/li>\n<li><b>300 figurants en costumes dans un village m\u00e9di\u00e9val en musique \u00e0 Seclin<\/b><br \/>Samedi et dimanche, un village m\u00e9di\u00e9val (en musique) sera install\u00e9 au parc de la Ramie \u00e0 Seclin, dans la m\u00e9tropole lilloise. Au programme de l\u2019\u00e9v\u00e9nement, organis\u00e9 par l\u2019association Les enfants de la culture\u2009: une immersion au Moyen-\u00e2ge, avec plus de 300 figurants costum\u00e9s, des animations et ateliers pour petits et grands. <a href=\"https:\/\/my.weezevent.com\/village-medieval-en-musique-19072025#:~:text=Le%20Village%20M%C3%A9di%C3%A9val%20en%20Musique%20%E2%80%93%2019%20%26%2020%20juillet%202025&amp;text=Le%20Village%20M%C3%A9di%C3%A9val%20en%20Musique%2C%20c&#039;est%20un%20%C3%A9v%C3%A9nement%20festif,de%20rue%20et%20animations%20d%C3%A9ambulatoires\" rel=\"nofollow noopener\" target=\"_blank\">Plus d\u2019infos<\/a>.<\/li>\n<li><b>10 guinguettes ouvertes dans la m\u00e9tropole lilloise<\/b><br \/>Elles proposent pour la plupart de nombreux \u00e9v\u00e9nements, et offrent surtout une pause d\u00e9tente loin du tumulte des journ\u00e9es de travail. On vous liste\u00a0<a href=\"https:\/\/actu.fr\/hauts-de-france\/lille_59350\/lambersart-tourcoing-wambrechies-les-guinguettes-de-lete-dans-la-metropole-de-lille_62883231.html\" rel=\"nofollow noopener\" target=\"_blank\">10 guinguettes ouvertes pour l\u2019\u00e9t\u00e9, dans la m\u00e9tropole lilloise<\/a>.<\/li>\n<li><b>L\u2019expo \u00ab\u2009L\u2019envers de la f\u00eate\u2009\u00bb au Bazaar Saint-So et autres curiosit\u00e9s de lille3000<\/b><br \/>En ce moment et jusqu\u2019au 7\u00a0septembre, l\u2019exposition \u00ab\u2009L\u2019envers de la f\u00eate\u2009\u00bb est visible au Bazaar Saint-So. L\u2019exposition \u00ab\u2009explore la f\u00eate comme un espace de transformation sociale et politique, mettant en lumi\u00e8re ses r\u00f4les dans les luttes contemporaines et ses \u00e9l\u00e9ments techniques souvent invisibles\u2009\u00bb, <a href=\"https:\/\/www.lille.fr\/Evenements\/Exposition-L-envers-de-la-fete\" rel=\"nofollow noopener\" target=\"_blank\">pr\u00e9sente la Ville<\/a>. Elle est ouverte le week-end de 12\u2009h \u00e0 19\u2009h. D\u2019autres expositions, li\u00e9es \u00e0 la th\u00e9matique \u00ab\u2009Fiesta\u2009\u00bb de lille3000, vous attendent sur le secteur. Elles sont pr\u00e9sent\u00e9es <a href=\"https:\/\/fiestalille3000.com\/fiesta-lille3000\/expositions\/\" rel=\"nofollow noopener\" target=\"_blank\">sur le site de l\u2019association culturelle<\/a>.<\/li>\n<li><b>Une balade \u00e0 v\u00e9lo\u2026 sur les traces de d\u2019Artagnan<\/b><br \/>Envie d\u2019une sortie nature \u00e0 v\u00e9lo\u2009? Une belle cyclo-rando vous emm\u00e8ne sur les traces du personnage historique D\u2019Artagnan, dans la m\u00e9tropole lilloise. Elle relie Templemars \u00e0 Seclin. On vous en dit plus <a href=\"https:\/\/actu.fr\/hauts-de-france\/templemars_59585\/metropole-de-lille-cette-rando-a-velo-vous-emmene-sur-les-traces-de-dartagnan_61136552.html\" rel=\"nofollow noopener\" target=\"_blank\">par ici<\/a>.<\/li>\n<li><b>L\u2019\u00cele de Tortuga, paradis des enfants \u00e0 Lille<\/b><br \/>Ouvert il y a quelques ann\u00e9es au Btwin Village de Lille, le parc de loisirs <a href=\"https:\/\/actu.fr\/hauts-de-france\/lille_59350\/un-gigantesque-parc-de-loisirs-pour-les-enfants-a-ouvert-au-btwin-village-de-lille_53019153.html\" rel=\"nofollow noopener\" target=\"_blank\">L\u2019\u00cele de Tortuga<\/a> a su se faire une place dans le c\u0153ur des enfantes. Il s\u2019\u00e9tend sur 1\u2009800 m\u00b2 et offre pl\u00e9thore d\u2019ateliers pour se d\u00e9penser\u2009: des toboggans, une piscine \u00e0 balles, des trampolines\u2026 En somme, un paradis pour les enfants, ouvert tous les jours de 10\u2009h \u00e0 20\u2009h, au B\u2019Twin Village, 4 rue du professeur Langevin \u00e0 Lille.<\/li>\n<li><b>Lille Aventure Nature \u00e0 Bois-Blancs<\/b><br \/>Cet \u00e9t\u00e9, les animations estivales de plein air de Lille Aventure Nature sont de retour \u00e0 Bois-Blancs. Les enfants peuvent y faire de la luge estivale, de la tyrolienne, du tir \u00e0 l\u2019arc, du trampoline ou encore profiter de structures gonflables\u2026 Un espace o\u00f9 se poser est aussi am\u00e9nag\u00e9 pour les parents. Le lieu, situ\u00e9 avenue Butin tout pr\u00e8s de la piscine Marx Dormoy, est ouvert de 14\u2009h \u00e0 20\u2009h le week-end.<\/li>\n<li><b>Soyez subjugu\u00e9s, au Mus\u00e9e de l\u2019illusion<br \/><\/b>Si vous ne l\u2019avez pas encore test\u00e9, c\u2019est peut-\u00eatre le moment\u2009! Le Mus\u00e9e de l\u2019illusion, situ\u00e9 \u00e0 Lille avenue Le Corbusier, tout pr\u00e8s des gares, propose une exp\u00e9rience originale, avec <a href=\"https:\/\/actu.fr\/hauts-de-france\/lille_59350\/lille-le-musee-de-lillusion-ouvre-ses-portes-vous-nallez-pas-en-croire-vos-yeux_61244327.html\" rel=\"nofollow noopener\" target=\"_blank\">ses \u00e9tonnantes illusions, au nombre de 70<\/a>\u2009! Vous laisserez-vous berner\u2009? Pour en savoir plus et r\u00e9server, rendez-vous <a href=\"https:\/\/museedelillusion.fr\/\" rel=\"nofollow noopener\" target=\"_blank\">sur le site officiel de l\u2019enseigne<\/a>, qui compte plusieurs adresses en France.<\/li>\n<li><b>(Re) d\u00e9couvrir un espace naturel de la MEL\u2009: le parc Mosa\u00efc<\/b><br \/>Le territoire est f\u00e9ru de <a href=\"https:\/\/actu.fr\/hauts-de-france\/lille_59350\/ces-parcs-de-lille-ou-profiter-pleinement-des-journees-ensoleillees_49699065.html\" rel=\"nofollow noopener\" target=\"_blank\">parcs, dont profiter les beaux jours<\/a>. Si le week-end offre des \u00e9claircies, pourquoi ne pas (re) d\u00e9couvrir le parc Mosa\u00efc, d\u2019Houplin-Ancoisne\u2009? Vous y fl\u00e2nez dans des jardins ludiques, inspir\u00e9s des traditions des pays du monde. Vous n\u2019\u00eates pas \u00e0 l\u2019abri de croiser de petites grenouilles sur les chemins. Une exp\u00e9rience unique en son genre\u2009!<\/li>\n<li><b>Accrobranche en acc\u00e8s libre au Kiabi village<\/b><br \/>Jusqu\u2019\u00e0 ce samedi 19\u00a0juillet, un <a href=\"https:\/\/actu.fr\/hauts-de-france\/lezennes_59346\/bon-plan-a-lezennes-un-espace-accrobranche-gratuit-installe-devant-kiabi-village_62865654.html\" rel=\"nofollow noopener\" target=\"_blank\">parcours d\u2019accrobranche (gratuit)<\/a> est install\u00e9 au Kiabi village de Lezennes. Il est adapt\u00e9 aux petits loups de 5 \u00e0 12\u00a0ans, et est ouvert aux passants (il n\u2019est pas n\u00e9cessaire de r\u00e9server). Le parc sera ouvert samedi de 11\u2009h \u00e0 18\u2009h.<\/li>\n<li><b>S\u2019offrir un \u00ab\u2009Jurassic safari\u2009\u00bb \u00e0 Lillenium<\/b><br \/>Vos enfants sont fanas de dinosaures\u2009? Sachez qu\u2019un parcours avec des cr\u00e9atures articul\u00e9es est ouvert en ce moment, au 2e \u00e9tage du centre commercial Lillenium. Huit salles d\u00e9cor\u00e9es, trois aventures diff\u00e9rentes\u2026 Le parcours est parfaitement adapt\u00e9 aux enfants, pour les faire un brin frissonner, sans faire peur. On vous en dit plus <a href=\"https:\/\/actu.fr\/hauts-de-france\/lille_59350\/lille-on-a-teste-jurassic-safari-lattraction-avec-des-dinosaures-voici-ce-quon-en-pense_62581025.html\" rel=\"nofollow noopener\" target=\"_blank\">dans notre \u00ab\u2009test\u00e9 pour vous\u2009\u00bb<\/a>, r\u00e9alis\u00e9 avec deux tr\u00e8s jeunes aventuriers.<\/li>\n<\/ul>\n<p class=\" wall-content\">Voil\u00e0 de quoi vous inspirer\u2009! Si vous voulez suivre les actualit\u00e9s loisirs-culture sur la m\u00e9tropole lilloise, consultez r\u00e9guli\u00e8rement notre rubrique d\u00e9di\u00e9e.<\/p>\n<p class=\" wall-content\">Suivez toute l\u2019actualit\u00e9 de vos villes et m\u00e9dias favoris en vous inscrivant \u00e0 <a href=\"https:\/\/moncompte.actu.fr\" title=\"D\u00e9couvez Mon Actu\" rel=\"nofollow noopener\" data-trk=\"{&quot;cta&quot;:{&quot;action&quot;:&quot;https:\\\/\\\/moncompte.actu.fr&quot;,&quot;category&quot;:&quot;mon compte&quot;,&quot;from&quot;:&quot;article footer&quot;,&quot;name&quot;:&quot;Mon actu&quot;,&quot;type&quot;:&quot;cta&quot;}}\" target=\"_blank\">Mon Actu<\/a>.<\/p>\n","protected":false},"excerpt":{"rendered":"Par Amandine Vachez Publi\u00e9 le 17 juil. 2025 \u00e0 16h48 Apr\u00e8s une courte semaine, le week-end se profile\u2009!&hellip;\n","protected":false},"author":2,"featured_media":254226,"comment_status":"","ping_status":"","sticky":false,"template":"","format":"standard","meta":{"footnotes":""},"categories":[2815],"tags":[1111,11,1777,674,652,1011,27,811,1307,1652,12,25],"class_list":{"0":"post-254225","1":"post","2":"type-post","3":"status-publish","4":"format-standard","5":"has-post-thumbnail","7":"category-lille","8":"tag-actu","9":"tag-actualites","10":"tag-eu","11":"tag-europe","12":"tag-famille","13":"tag-fr","14":"tag-france","15":"tag-hauts-de-france","16":"tag-lille","17":"tag-loisirs-culture","18":"tag-news","19":"tag-republique-francaise"},"share_on_mastodon":{"url":"https:\/\/pubeurope.com\/@fr\/114869305605096110","error":""},"_links":{"self":[{"href":"https:\/\/www.europesays.com\/fr\/wp-json\/wp\/v2\/posts\/254225","targetHints":{"allow":["GET"]}}],"collection":[{"href":"https:\/\/www.europesays.com\/fr\/wp-json\/wp\/v2\/posts"}],"about":[{"href":"https:\/\/www.europesays.com\/fr\/wp-json\/wp\/v2\/types\/post"}],"author":[{"embeddable":true,"href":"https:\/\/www.europesays.com\/fr\/wp-json\/wp\/v2\/users\/2"}],"replies":[{"embeddable":true,"href":"https:\/\/www.europesays.com\/fr\/wp-json\/wp\/v2\/comments?post=254225"}],"version-history":[{"count":0,"href":"https:\/\/www.europesays.com\/fr\/wp-json\/wp\/v2\/posts\/254225\/revisions"}],"wp:featuredmedia":[{"embeddable":true,"href":"https:\/\/www.europesays.com\/fr\/wp-json\/wp\/v2\/media\/254226"}],"wp:attachment":[{"href":"https:\/\/www.europesays.com\/fr\/wp-json\/wp\/v2\/media?parent=254225"}],"wp:term":[{"taxonomy":"category","embeddable":true,"href":"https:\/\/www.europesays.com\/fr\/wp-json\/wp\/v2\/categories?post=254225"},{"taxonomy":"post_tag","embeddable":true,"href":"https:\/\/www.europesays.com\/fr\/wp-json\/wp\/v2\/tags?post=254225"}],"curies":[{"name":"wp","href":"https:\/\/api.w.org\/{rel}","templated":true}]}}