{"id":254227,"date":"2025-07-17T15:34:12","date_gmt":"2025-07-17T15:34:12","guid":{"rendered":"https:\/\/www.europesays.com\/fr\/254227\/"},"modified":"2025-07-17T15:34:12","modified_gmt":"2025-07-17T15:34:12","slug":"chute-enquete-reaction-le-point-sur-la-mort-dun-nourrisson-a-la-maternite","status":"publish","type":"post","link":"https:\/\/www.europesays.com\/fr\/254227\/","title":{"rendered":"Chute, enqu\u00eate, r\u00e9action\u2026 Le point sur la mort d\u2019un nourrisson \u00e0 la maternit\u00e9"},"content":{"rendered":"<p><strong>Drame &#8211; Zayneb, une petite fille n\u00e9e pr\u00e9matur\u00e9e, a \u00e9t\u00e9 retrouv\u00e9 gisante au sol du service de n\u00e9onatologie de l\u2019h\u00f4pital de Lille. Elle est d\u00e9c\u00e9d\u00e9e ce mardi des suites de ses blessures<\/strong><\/p>\n<p>Quelles circonstances exactes ont conduit \u00e0 <a href=\"https:\/\/www.20minutes.fr\/faits_divers\/faits-divers-lille\/4163899-20250716-lille-nourrisson-meurt-apres-avoir-manipule-enfant-6-ans-maternite?at_medium=RSS%20feed&amp;at_campaign=ynews&amp;utm_source=yahoo&amp;utm_medium=rss&amp;utm_campaign=news_feed&amp;utm_content=in_article_link\" rel=\"nofollow noopener\" target=\"_blank\" data-ylk=\"slk:la mort de Zayneb, une enfant n\u00e9e pr\u00e9matur\u00e9e \u00e0 la maternit\u00e9 de Lille;elm:context_link;itc:0;sec:content-canvas\" class=\"link \">la mort de Zayneb, une enfant n\u00e9e pr\u00e9matur\u00e9e \u00e0 la maternit\u00e9 de Lille<\/a> ? Le corps du <a href=\"https:\/\/www.20minutes.fr\/dossier\/bebe?at_medium=RSS%20feed&amp;at_campaign=ynews&amp;utm_source=yahoo&amp;utm_medium=rss&amp;utm_campaign=news_feed&amp;utm_content=in_article_link\" rel=\"nofollow noopener\" target=\"_blank\" data-ylk=\"slk:b\u00e9b\u00e9;elm:context_link;itc:0;sec:content-canvas\" class=\"link \">b\u00e9b\u00e9 <\/a>de cinq jours a \u00e9t\u00e9 retrouv\u00e9 au sol dans le service n\u00e9onatologie le 11 juillet dernier. le nourrisson est finalement d\u00e9c\u00e9d\u00e9 ce mardi.<\/p>\n<p>Alors qu\u2019une enqu\u00eate a \u00e9t\u00e9 ouverte, un enfant de 6 ans, qui aurait provoqu\u00e9 la chute du <a href=\"https:\/\/www.20minutes.fr\/dossier\/nourrisson?at_medium=RSS%20feed&amp;at_campaign=ynews&amp;utm_source=yahoo&amp;utm_medium=rss&amp;utm_campaign=news_feed&amp;utm_content=in_article_link\" rel=\"nofollow noopener\" target=\"_blank\" data-ylk=\"slk:nourrisson;elm:context_link;itc:0;sec:content-canvas\" class=\"link \">nourrisson<\/a>, est mis en cause dans ce drame. Requalification de l\u2019enqu\u00eate, enfant suspect\u00e9, r\u00e9actions et mesures prises par l\u2019h\u00f4pital\u2026 20 Minutes fait le point sur ce tragique d\u00e9c\u00e8s.<\/p>\n<p>Une enqu\u00eate judiciaire ouverte et autopsie<\/p>\n<p>L\u2019enqu\u00eate, initialement ouverte pour \u00ab recherche des causes des blessures \u00bb vendredi alors que le nourrisson \u00e9tait hospitalis\u00e9 en r\u00e9animation, a \u00e9t\u00e9 requalifi\u00e9e en \u00ab recherche des causes de la mort \u00bb apr\u00e8s que sont d\u00e9c\u00e8s a \u00e9t\u00e9 prononc\u00e9 ce mardi, pr\u00e9cise le parquet de <a href=\"https:\/\/www.20minutes.fr\/lille\/?at_medium=RSS%20feed&amp;at_campaign=ynews&amp;utm_source=yahoo&amp;utm_medium=rss&amp;utm_campaign=news_feed&amp;utm_content=in_article_link\" rel=\"nofollow noopener\" target=\"_blank\" data-ylk=\"slk:Lille;elm:context_link;itc:0;sec:content-canvas\" class=\"link \">Lille<\/a>.<\/p>\n<p>L\u2019autorit\u00e9 judiciaire ajoute qu\u2019une autopsie doit \u00eatre pratiqu\u00e9e ce jeudi sur le nourrisson. Celle-ci devrait permettre d\u2019\u00e9clairer la nature des blessures mortelles qu\u2019a subie la petite Zayneb.<\/p>\n<p>Une chute et un enfant de 6 ans suspect\u00e9<\/p>\n<p>Zayneb a \u00e9t\u00e9 retrouv\u00e9e inerte, au sol, dans une chambre de soins, par une autre m\u00e8re pr\u00e9sente dans le service, rapporte notamment <a href=\"https:\/\/www.lavoixdunord.fr\/1606995\/article\/2025-07-16\/ca-n-aurait-jamais-du-arriver-un-bebe-meurt-jeanne-de-flandres-apres-avoir-ete?at_medium=RSS%20feed&amp;at_campaign=ynews&amp;utm_source=yahoo&amp;utm_medium=rss&amp;utm_campaign=news_feed&amp;utm_content=in_article_link\" rel=\"nofollow noopener\" target=\"_blank\" data-ylk=\"slk:La Voix du Nord;elm:context_link;itc:0;sec:content-canvas\" class=\"link \">La Voix du Nord<\/a>. D\u2019apr\u00e8s la famille qui suspecte une chute, elle aurait \u00e9t\u00e9 nue, le cr\u00e2ne ensanglant\u00e9, et sans \u00e9lectrodes.<\/p>\n<p>La famille du nourrisson affirme en outre qu\u2019un gar\u00e7on de 6 ans, fr\u00e8re d\u2019un autre b\u00e9b\u00e9 hospitalis\u00e9, serait entr\u00e9 seul dans la chambre de Zayneb et aurait caus(&#8230;)<\/p>\n<p><a href=\"https:\/\/www.20minutes.fr\/faits_divers\/faits-divers-lille\/4164095-20250717-lille-chute-enquete-reaction-point-mort-nourrisson-maternite?at_medium=RSS%20feed&amp;at_campaign=ynews&amp;utm_source=yahoo&amp;utm_medium=rss&amp;utm_campaign=news_feed&amp;utm_content=read_more_link\" rel=\"nofollow noopener\" target=\"_blank\" data-ylk=\"slk:Lire la suite sur 20minutes;elm:context_link;itc:0;sec:content-canvas\" class=\"link \">Lire la suite sur 20minutes<\/a><\/p>\n<p>\u00c0 lire aussi :<br \/><a href=\"https:\/\/www.20minutes.fr\/faits_divers\/faits-divers-lille\/4163899-20250716-lille-nourrisson-meurt-apres-avoir-manipule-enfant-6-ans-maternite?at_medium=RSS%20feed&amp;at_campaign=ynews&amp;utm_source=yahoo&amp;utm_medium=rss&amp;utm_campaign=news_feed&amp;utm_content=related_content_link\" rel=\"nofollow noopener\" target=\"_blank\" data-ylk=\"slk:Lille : Un nourrisson meurt apr\u00e8s avoir \u00e9t\u00e9 manipul\u00e9 par un enfant de 6 ans dans une maternit\u00e9;elm:context_link;itc:0;sec:content-canvas\" class=\"link \">Lille : Un nourrisson meurt apr\u00e8s avoir \u00e9t\u00e9 manipul\u00e9 par un enfant de 6 ans dans une maternit\u00e9<\/a><br \/><a href=\"https:\/\/www.20minutes.fr\/faits_divers\/4151363-20250501-nanterre-nourrisson-16-jours-retrouve-mort-lit-mere-enquete-ouverte?at_medium=RSS%20feed&amp;at_campaign=ynews&amp;utm_source=yahoo&amp;utm_medium=rss&amp;utm_campaign=news_feed&amp;utm_content=related_content_link\" rel=\"nofollow noopener\" target=\"_blank\" data-ylk=\"slk:Nanterre : Un nourrisson de 16 jours retrouv\u00e9 mort dans le lit de sa m\u00e8re, une enqu\u00eate ouverte;elm:context_link;itc:0;sec:content-canvas\" class=\"link \">Nanterre : Un nourrisson de 16 jours retrouv\u00e9 mort dans le lit de sa m\u00e8re, une enqu\u00eate ouverte<\/a><\/p>\n","protected":false},"excerpt":{"rendered":"Drame &#8211; Zayneb, une petite fille n\u00e9e pr\u00e9matur\u00e9e, a \u00e9t\u00e9 retrouv\u00e9 gisante au sol du service de n\u00e9onatologie&hellip;\n","protected":false},"author":2,"featured_media":254228,"comment_status":"","ping_status":"","sticky":false,"template":"","format":"standard","meta":{"footnotes":""},"categories":[2815],"tags":[1111,11,35127,1777,674,1011,27,811,1307,12,25],"class_list":{"0":"post-254227","1":"post","2":"type-post","3":"status-publish","4":"format-standard","5":"has-post-thumbnail","7":"category-lille","8":"tag-actu","9":"tag-actualites","10":"tag-enquete-judiciaire","11":"tag-eu","12":"tag-europe","13":"tag-fr","14":"tag-france","15":"tag-hauts-de-france","16":"tag-lille","17":"tag-news","18":"tag-republique-francaise"},"share_on_mastodon":{"url":"https:\/\/pubeurope.com\/@fr\/114869309704839094","error":""},"_links":{"self":[{"href":"https:\/\/www.europesays.com\/fr\/wp-json\/wp\/v2\/posts\/254227","targetHints":{"allow":["GET"]}}],"collection":[{"href":"https:\/\/www.europesays.com\/fr\/wp-json\/wp\/v2\/posts"}],"about":[{"href":"https:\/\/www.europesays.com\/fr\/wp-json\/wp\/v2\/types\/post"}],"author":[{"embeddable":true,"href":"https:\/\/www.europesays.com\/fr\/wp-json\/wp\/v2\/users\/2"}],"replies":[{"embeddable":true,"href":"https:\/\/www.europesays.com\/fr\/wp-json\/wp\/v2\/comments?post=254227"}],"version-history":[{"count":0,"href":"https:\/\/www.europesays.com\/fr\/wp-json\/wp\/v2\/posts\/254227\/revisions"}],"wp:featuredmedia":[{"embeddable":true,"href":"https:\/\/www.europesays.com\/fr\/wp-json\/wp\/v2\/media\/254228"}],"wp:attachment":[{"href":"https:\/\/www.europesays.com\/fr\/wp-json\/wp\/v2\/media?parent=254227"}],"wp:term":[{"taxonomy":"category","embeddable":true,"href":"https:\/\/www.europesays.com\/fr\/wp-json\/wp\/v2\/categories?post=254227"},{"taxonomy":"post_tag","embeddable":true,"href":"https:\/\/www.europesays.com\/fr\/wp-json\/wp\/v2\/tags?post=254227"}],"curies":[{"name":"wp","href":"https:\/\/api.w.org\/{rel}","templated":true}]}}