{"id":254229,"date":"2025-07-17T15:35:09","date_gmt":"2025-07-17T15:35:09","guid":{"rendered":"https:\/\/www.europesays.com\/fr\/254229\/"},"modified":"2025-07-17T15:35:09","modified_gmt":"2025-07-17T15:35:09","slug":"operation-coup-de-poing-et-mises-en-fourriere-en-serie-a-marseille","status":"publish","type":"post","link":"https:\/\/www.europesays.com\/fr\/254229\/","title":{"rendered":"op\u00e9ration coup de poing et mises en fourri\u00e8re en s\u00e9rie \u00e0 Marseille"},"content":{"rendered":"<p>\u00ab\u00a0On a dress\u00e9 la liste des 33 places PMR (places de stationnement r\u00e9serv\u00e9es aux personnes \u00e0 mobilit\u00e9 r\u00e9duite, NDLR) \u00e0 contr\u00f4ler, explique Ryad, responsable de la <a href=\"https:\/\/www.laprovence.com\/article\/politique\/79259575602844\/info-la-provence-a-marseille-la-fourriere-automobile-municipale-va-bien-passer-en-regie\" target=\"_blank\" rel=\"noopener\">fourri\u00e8re municipale,<\/a> aux agents r\u00e9unis au sein de l\u2019antenne de la police municipale du 42, Canebi\u00e8re. On est 25 aujourd\u2019hui, des policiers municipaux et des ASVP (agents de surveillance de la voie publique, NDLR), \u00e0 pied, \u00e0 scooter et \u00e0 moto. On a six grues. Des questions\u00a0? Non. Alors, on y va.\u00a0\u00bb Jeudi matin, la police municipale a men\u00e9 une op\u00e9ration coup de poing dans le centre-ville contre les automobilistes qui stationnent ill\u00e9galement sur <a href=\"https:\/\/www.laprovence.com\/article\/region\/31627448442601\/handicap-a-marseille-une-application-innovante-pour-une-ville-plus-inclusive\" target=\"_blank\" rel=\"noopener\">les places r\u00e9serv\u00e9es aux personnes handicap\u00e9es<\/a>. \u00ab\u00a0C\u2019est une demande forte des usagers \u00e0 mobilit\u00e9 r\u00e9duite ou en fauteuil roulant, rappelle Isabelle Laussine, adjointe en charge des personnes en situation de handicap, \u00e0 l\u02bcinclusion et \u00e0 l\u2019accessibilit\u00e9. <a href=\"https:\/\/www.laprovence.com\/article\/region\/3596631873493114\/marseille-20-ans-apres-la-loi-handicap-pour-nous-rien-a-change-les-discriminations-restent-les-memes\" target=\"_blank\" rel=\"noopener\">La loi h<\/a><a href=\"https:\/\/www.laprovence.com\/article\/region\/3596631873493114\/marseille-20-ans-apres-la-loi-handicap-pour-nous-rien-a-change-les-discriminations-restent-les-memes\" target=\"_blank\" rel=\"noopener\">andicap a 20\u00a0ans<\/a> et, malheureusement, la sensibilisation ne suffit pas. Nous sommes l\u00e0 aujourd\u2019hui pour faire respecter la loi.\u00a0\u00bb<\/p>\n","protected":false},"excerpt":{"rendered":"\u00ab\u00a0On a dress\u00e9 la liste des 33 places PMR (places de stationnement r\u00e9serv\u00e9es aux personnes \u00e0 mobilit\u00e9 r\u00e9duite,&hellip;\n","protected":false},"author":2,"featured_media":254230,"comment_status":"","ping_status":"","sticky":false,"template":"","format":"standard","meta":{"footnotes":""},"categories":[2814],"tags":[17,1111,11,1102,3952,1777,674,1011,27,14658,884,5060,12,39456,1476,39457,882,16,25,6173],"class_list":{"0":"post-254229","1":"post","2":"type-post","3":"status-publish","4":"format-standard","5":"has-post-thumbnail","7":"category-marseille","8":"tag-17","9":"tag-actu","10":"tag-actualites","11":"tag-breakingnews","12":"tag-coup","13":"tag-eu","14":"tag-europe","15":"tag-fr","16":"tag-france","17":"tag-handicape","18":"tag-marseille","19":"tag-mises","20":"tag-news","21":"tag-non-respect","22":"tag-operation","23":"tag-poing","24":"tag-provence-alpes-cote-dazur","25":"tag-region","26":"tag-republique-francaise","27":"tag-stationnement"},"share_on_mastodon":{"url":"https:\/\/pubeurope.com\/@fr\/114869313536242683","error":""},"_links":{"self":[{"href":"https:\/\/www.europesays.com\/fr\/wp-json\/wp\/v2\/posts\/254229","targetHints":{"allow":["GET"]}}],"collection":[{"href":"https:\/\/www.europesays.com\/fr\/wp-json\/wp\/v2\/posts"}],"about":[{"href":"https:\/\/www.europesays.com\/fr\/wp-json\/wp\/v2\/types\/post"}],"author":[{"embeddable":true,"href":"https:\/\/www.europesays.com\/fr\/wp-json\/wp\/v2\/users\/2"}],"replies":[{"embeddable":true,"href":"https:\/\/www.europesays.com\/fr\/wp-json\/wp\/v2\/comments?post=254229"}],"version-history":[{"count":0,"href":"https:\/\/www.europesays.com\/fr\/wp-json\/wp\/v2\/posts\/254229\/revisions"}],"wp:featuredmedia":[{"embeddable":true,"href":"https:\/\/www.europesays.com\/fr\/wp-json\/wp\/v2\/media\/254230"}],"wp:attachment":[{"href":"https:\/\/www.europesays.com\/fr\/wp-json\/wp\/v2\/media?parent=254229"}],"wp:term":[{"taxonomy":"category","embeddable":true,"href":"https:\/\/www.europesays.com\/fr\/wp-json\/wp\/v2\/categories?post=254229"},{"taxonomy":"post_tag","embeddable":true,"href":"https:\/\/www.europesays.com\/fr\/wp-json\/wp\/v2\/tags?post=254229"}],"curies":[{"name":"wp","href":"https:\/\/api.w.org\/{rel}","templated":true}]}}