{"id":25423,"date":"2025-04-14T23:26:19","date_gmt":"2025-04-14T23:26:19","guid":{"rendered":"https:\/\/www.europesays.com\/fr\/25423\/"},"modified":"2025-04-14T23:26:19","modified_gmt":"2025-04-14T23:26:19","slug":"les-travaux-dans-la-metropole-de-lyon-cette-semaine-14-au-20-avril-2025","status":"publish","type":"post","link":"https:\/\/www.europesays.com\/fr\/25423\/","title":{"rendered":"Les travaux dans la M\u00e9tropole de Lyon cette semaine (14 au 20 avril 2025)"},"content":{"rendered":"<p><img loading=\"lazy\" decoding=\"async\" alt=\"\u00a9 Lucas Frangella - Les travaux du tramway T6 \u00e0 Villeurbanne se poursuivent dans les temps.\" data-zoom-src=\"https:\/\/www.europesays.com\/fr\/wp-content\/uploads\/2025\/04\/initial-travaux-semaine-14-avrilcredit-lucasfrangella-2025-dsf1909.jpg\" data-zoomable=\"\" height=\"702\" src=\"https:\/\/www.europesays.com\/fr\/wp-content\/uploads\/2025\/04\/initial-travaux-semaine-14-avrilcredit-lucasfrangella-2025-dsf1909.jpg\" width=\"1248\"\/>  <\/p>\n<p class=\"article-desc\">\u00a9 Lucas Frangella &#8211; Les travaux du tramway T6 \u00e0 Villeurbanne se poursuivent dans les temps. <\/p>\n<p xml:lang=\"FR-FR\" lang=\"FR-FR\">Chaque semaine, le\u00a0<strong>Journal du BTP<\/strong>\u00a0fait le point sur les\u00a0<strong>chantiers majeurs dans la M\u00e9tropole de Lyon<\/strong>\u00a0et au-del\u00e0. Voici la liste des travaux qui d\u00e9marrent ou se poursuivent, cette\u00a0semaine\u00a0du <strong>14 au 20 avril 2025<\/strong>.\u00a0 <\/p>\n<p>La carte des travaux de la semaine dans la M\u00e9tropole de Lyon <\/p>\n<p>Quai Jean-Moulin \u00e0 Lyon : la circulation boulevers\u00e9e par le r\u00e9seau T\u00e9l\u00e9com\u00a0 <\/p>\n<p xml:lang=\"FR-FR\" lang=\"FR-FR\"><strong>D\u00e8s le 14 avril<\/strong>, des travaux de r\u00e9novation du r\u00e9seau T\u00e9l\u00e9com prennent place <strong>entre la rue Gentil et la place des Cordeliers<\/strong>. Le <strong>stationnement est supprim\u00e9<\/strong> tandis que la <strong>circulation est maintenue, mais r\u00e9duite<\/strong>. Les travaux prendront fin d\u2019ici au<strong> 9 mai 2025<\/strong>. Pour les m\u00eames travaux, la circulation\u00a0rue Gentil est <strong>d\u00e9vi\u00e9e<\/strong> entre <strong>les 14 et 18 avril<\/strong>. \u00a0 <\/p>\n<p> Pont de la Feuill\u00e9e : circulation limit\u00e9e le jour \u00e0 Lyon <\/p>\n<p><strong>Du 14 au 18 avril<\/strong>, la travers\u00e9e du\u00a0<strong>pont de la Feuill\u00e9e<\/strong> se fait en <strong>circulation altern\u00e9e<\/strong> entre<strong> 9h et 16h<\/strong> sur l\u2019ensemble de l\u2019ouvrage dans le cadre <a href=\"https:\/\/mesinfos.fr\/tag\/travaux-dans-la-metropole-de-lyon\" target=\"_blank\" rel=\"noopener\">des travaux engag\u00e9s par la M\u00e9tropole de Lyon<\/a>.<\/p>\n<p> Villeurbanne : o\u00f9 en est le chantier de prolongement du T6 ? <\/p>\n<p>Le prolongement du <strong>tramway T6<\/strong> \u00e0 l&rsquo;est de la m\u00e9tropole de Lyon, qui a pour but de cr\u00e9er<strong> 5,6 kilom\u00e8tres de voies suppl\u00e9mentaires <\/strong>et <strong>10 nouvelles stations<\/strong>, se poursuit. Les \u00e9volutions sont \u00ab\u00a0rapides et spectaculaires\u00a0\u00bb selon la M\u00e9tropole, qui indique que la pose de pr\u00e8s d&rsquo;<strong>un tiers des rails du tramway<\/strong> est effective. Le prolongement du tramway devrait donc bel et bien <a href=\"https:\/\/mesinfos.fr\/69100-villeurbanne\/villeurbanne-le-tramway-t6-sera-pret-en-mars-2026-199582.html\" target=\"_blank\" rel=\"noopener\">se terminer au 1er trimestre 2026<\/a><strong>,<\/strong> avec des premiers essais de circulation fin 2025.<\/p>\n<p> Travaux du p\u00e9riph\u00e9rique nNrd de Lyon : interdiction de circuler <img decoding=\"async\" alt=\"\" data-zoomable=\"\" loading=\"lazy\" src=\"https:\/\/www.europesays.com\/fr\/wp-content\/uploads\/2025\/04\/photos-chantiers-metropole-de-lyon.jpg\"\/> \u00a9 M\u00e9tropole de Lyon &#8211; Les travaux d&rsquo;entretien du p\u00e9riph\u00e9rique Nord sont en cours. <\/p>\n<p xml:lang=\"FR-FR\" lang=\"FR-FR\">La circulation sur l\u2019ensemble du <strong>p\u00e9riph\u00e9rique Nord de Lyon <\/strong>est interdite dans les deux sens de circulation pour des <strong>travaux d\u2019entretien<\/strong> du <strong>14 au 15 avril, de 21h \u00e0 5h<\/strong>. Pour les m\u00eames raisons, la <strong>circulation est interdite<\/strong> sous le <strong>tunnel quai de Bellevue<\/strong> les <strong>14, 15 et 17 avril de 21h \u00e0 5h.<\/strong> <\/p>\n<p>Villeurbanne : la rue Dedieu en circulation r\u00e9duite\u00a0 <\/p>\n<p xml:lang=\"FR-FR\" lang=\"FR-FR\">La circulation est r\u00e9duite<strong> rue Dedieu<\/strong>, \u00e0 l\u2019ouest de la rue Jules Vall\u00e8s \u00e0 <strong>Villeurbanne<\/strong>, en raison de<strong> travaux de chauffage urbain<\/strong>. La restriction est effective du <strong>14 avril au 7 mai<\/strong>. <\/p>\n","protected":false},"excerpt":{"rendered":"\u00a9 Lucas Frangella &#8211; Les travaux du tramway T6 \u00e0 Villeurbanne se poursuivent dans les temps. Chaque semaine,&hellip;\n","protected":false},"author":2,"featured_media":25424,"comment_status":"","ping_status":"","sticky":false,"template":"","format":"standard","meta":{"footnotes":""},"categories":[1889],"tags":[1111,11,2430,1777,674,1011,27,2428,12,25,4466,9123],"class_list":{"0":"post-25423","1":"post","2":"type-post","3":"status-publish","4":"format-standard","5":"has-post-thumbnail","7":"category-lyon","8":"tag-actu","9":"tag-actualites","10":"tag-auvergne-rhone-alpes","11":"tag-eu","12":"tag-europe","13":"tag-fr","14":"tag-france","15":"tag-lyon","16":"tag-news","17":"tag-republique-francaise","18":"tag-travaux-dans-la-mu00e9tropole-de-lyon","19":"tag-travaux-dans-le-rhu00f4ne"},"share_on_mastodon":{"url":"https:\/\/pubeurope.com\/@fr\/114338908545215145","error":""},"_links":{"self":[{"href":"https:\/\/www.europesays.com\/fr\/wp-json\/wp\/v2\/posts\/25423","targetHints":{"allow":["GET"]}}],"collection":[{"href":"https:\/\/www.europesays.com\/fr\/wp-json\/wp\/v2\/posts"}],"about":[{"href":"https:\/\/www.europesays.com\/fr\/wp-json\/wp\/v2\/types\/post"}],"author":[{"embeddable":true,"href":"https:\/\/www.europesays.com\/fr\/wp-json\/wp\/v2\/users\/2"}],"replies":[{"embeddable":true,"href":"https:\/\/www.europesays.com\/fr\/wp-json\/wp\/v2\/comments?post=25423"}],"version-history":[{"count":0,"href":"https:\/\/www.europesays.com\/fr\/wp-json\/wp\/v2\/posts\/25423\/revisions"}],"wp:featuredmedia":[{"embeddable":true,"href":"https:\/\/www.europesays.com\/fr\/wp-json\/wp\/v2\/media\/25424"}],"wp:attachment":[{"href":"https:\/\/www.europesays.com\/fr\/wp-json\/wp\/v2\/media?parent=25423"}],"wp:term":[{"taxonomy":"category","embeddable":true,"href":"https:\/\/www.europesays.com\/fr\/wp-json\/wp\/v2\/categories?post=25423"},{"taxonomy":"post_tag","embeddable":true,"href":"https:\/\/www.europesays.com\/fr\/wp-json\/wp\/v2\/tags?post=25423"}],"curies":[{"name":"wp","href":"https:\/\/api.w.org\/{rel}","templated":true}]}}