{"id":254243,"date":"2025-07-17T15:42:10","date_gmt":"2025-07-17T15:42:10","guid":{"rendered":"https:\/\/www.europesays.com\/fr\/254243\/"},"modified":"2025-07-17T15:42:10","modified_gmt":"2025-07-17T15:42:10","slug":"ce-quelle-ne-supportait-plus-du-tout-en-ville","status":"publish","type":"post","link":"https:\/\/www.europesays.com\/fr\/254243\/","title":{"rendered":"ce qu&rsquo;elle ne supportait plus du tout en ville"},"content":{"rendered":"<p>Vanessa Demouy a longtemps habit\u00e9 \u00e0 Paris mais son \u00e9quilibre, elle l&rsquo;a finalement trouv\u00e9 il y a quelques ann\u00e9es dans le Sud de la France. L&rsquo;actrice d'\u00a0\u00bbIci tout commence\u00a0\u00bb en dit plus en interview pour \u00ab\u00a0Gala\u00a0\u00bb.<\/p>\n<p>Depuis 2018, <a href=\"https:\/\/www.purepeople.com\/people\/vanessa-demouy_p1921\" rel=\"nofollow noopener\" target=\"_blank\" data-ylk=\"slk:Vanessa Demouy;elm:context_link;itc:0;sec:content-canvas\" class=\"link \">Vanessa Demouy<\/a> incarne le personnage de Rose Latour sur nos \u00e9crans. C&rsquo;est d&rsquo;abord dans Demain nous appartient qu&rsquo;elle s&rsquo;est mise dans sa peau pour la premi\u00e8re fois, puis dans le spin-off \u00e0 succ\u00e8s Ici tout commence. Et pour le bien du tournage, la com\u00e9dienne a d\u00e9m\u00e9nag\u00e9 <strong>\u00e0 Aigues-Mortes, dans le Gard<\/strong>, quittant ainsi sa vie parisienne.<\/p>\n<p>En effet, depuis six ans, elle est install\u00e9e dans la p\u00e9riph\u00e9rie montpelli\u00e9raine. Mais ce choix s&rsquo;est aussi op\u00e9r\u00e9 pour qu&rsquo;elle se rapproche de la nature et s&rsquo;\u00e9loigne au contraire des tumultes de la ville. \u00ab\u00a0Elle est pr\u00e9sente dans ma vie depuis le jour o\u00f9 j&rsquo;ai \u00e9t\u00e9 enceinte de mon premier enfant. Et j&rsquo;ai des souches gardoises et auvergnates, j&rsquo;ai pass\u00e9 toutes mes vacances dans une maison de famille, celle de ma grand-m\u00e8re maternelle, \u00e0 c\u00f4t\u00e9 de Moulins, dans l&rsquo;Allier. En fait, <strong>la nature a toujours \u00e9t\u00e9 l\u00e0, elle ressource, apaise l&rsquo;hypersensible que je suis<\/strong>\u00ab\u00a0, a-t-elle confi\u00e9 en interview pour Gala, parue ce jeudi 17 juillet 2025.<\/p>\n<p>Aucun regret d&rsquo;avoir quitt\u00e9 Paris pour Vanessa Demouy<\/p>\n<p>Car Vanessa Demouy s&rsquo;\u00e9tait retrouv\u00e9e \u00e9reint\u00e9e par la capitale, o\u00f9 r\u00e8gne un brouhaha continuel. \u00ab\u00a0En ville, il y a tellement de stimuli visuels, auditifs. <strong>C&rsquo;est extr\u00eamement fatigant pour des gens comme moi.<\/strong> En particulier les petits bruits r\u00e9p\u00e9titifs, une fourchette dans une assiette, les bruits de mastication&#8230; Au restaurant, je demande toujours une table loin des cuisines, j&rsquo;ai besoin de me concentrer sur ce que je suis en train de vivre, d&rsquo;\u00eatre l\u00e0 pour les personnes qui sont avec moi\u00a0\u00bb, a-t-elle encore expliqu\u00e9.<\/p>\n<p>C&rsquo;est donc l&rsquo;esprit plus l\u00e9ger qu&rsquo;elle se rend chaque jour sur le tournage d&rsquo;Ici tout commence et qu&rsquo;elle m\u00e8ne une vie plus tranquille aupr\u00e8s de son myst\u00e9rieux compagnon et <a href=\"https:\/\/fr.news.yahoo.com\/vanessa-demouy-bient%C3%B4t-remari%C3%A9e-d%C3%A9voile-174200194.html\" data-ylk=\"slk:m\u00eame fianc\u00e9;elm:context_link;itc:0;sec:content-canvas;outcm:mb_qualified_link;_E:mb_qualified_link;ct:story;\" class=\"link  yahoo-link\" target=\"_blank\" rel=\"noopener\">m\u00eame fianc\u00e9<\/a>, avec qui elle avait officialis\u00e9 en f\u00e9vrier 2023.<\/p>\n<p><a href=\"https:\/\/www.purepeople.com\/article\/vanessa-demouy-a-quitte-paris-pour-la-peripherie-montpellieraine-ce-quelle-ne-supportait-plus-du-tout-en-ville_a540484\/1\" rel=\"nofollow noopener\" target=\"_blank\" data-ylk=\"slk:Article original sur Purepeople;elm:context_link;itc:0;sec:content-canvas\" class=\"link \">Article original sur Purepeople<\/a><\/p>\n","protected":false},"excerpt":{"rendered":"Vanessa Demouy a longtemps habit\u00e9 \u00e0 Paris mais son \u00e9quilibre, elle l&rsquo;a finalement trouv\u00e9 il y a quelques&hellip;\n","protected":false},"author":2,"featured_media":254244,"comment_status":"","ping_status":"","sticky":false,"template":"","format":"standard","meta":{"footnotes":""},"categories":[1888],"tags":[1111,1928,11,1927,1777,674,1011,27,6145,12,1926,626,1925,9576,25,1966,24431],"class_list":{"0":"post-254243","1":"post","2":"type-post","3":"status-publish","4":"format-standard","5":"has-post-thumbnail","7":"category-paris","8":"tag-actu","9":"tag-actu-paris","10":"tag-actualites","11":"tag-actualites-paris","12":"tag-eu","13":"tag-europe","14":"tag-fr","15":"tag-france","16":"tag-gala","17":"tag-news","18":"tag-news-paris","19":"tag-paris","20":"tag-paris-news","21":"tag-qu","22":"tag-republique-francaise","23":"tag-sud-de-la-france","24":"tag-vanessa-demouy"},"share_on_mastodon":{"url":"https:\/\/pubeurope.com\/@fr\/114869340920013580","error":""},"_links":{"self":[{"href":"https:\/\/www.europesays.com\/fr\/wp-json\/wp\/v2\/posts\/254243","targetHints":{"allow":["GET"]}}],"collection":[{"href":"https:\/\/www.europesays.com\/fr\/wp-json\/wp\/v2\/posts"}],"about":[{"href":"https:\/\/www.europesays.com\/fr\/wp-json\/wp\/v2\/types\/post"}],"author":[{"embeddable":true,"href":"https:\/\/www.europesays.com\/fr\/wp-json\/wp\/v2\/users\/2"}],"replies":[{"embeddable":true,"href":"https:\/\/www.europesays.com\/fr\/wp-json\/wp\/v2\/comments?post=254243"}],"version-history":[{"count":0,"href":"https:\/\/www.europesays.com\/fr\/wp-json\/wp\/v2\/posts\/254243\/revisions"}],"wp:featuredmedia":[{"embeddable":true,"href":"https:\/\/www.europesays.com\/fr\/wp-json\/wp\/v2\/media\/254244"}],"wp:attachment":[{"href":"https:\/\/www.europesays.com\/fr\/wp-json\/wp\/v2\/media?parent=254243"}],"wp:term":[{"taxonomy":"category","embeddable":true,"href":"https:\/\/www.europesays.com\/fr\/wp-json\/wp\/v2\/categories?post=254243"},{"taxonomy":"post_tag","embeddable":true,"href":"https:\/\/www.europesays.com\/fr\/wp-json\/wp\/v2\/tags?post=254243"}],"curies":[{"name":"wp","href":"https:\/\/api.w.org\/{rel}","templated":true}]}}