{"id":254249,"date":"2025-07-17T15:45:09","date_gmt":"2025-07-17T15:45:09","guid":{"rendered":"https:\/\/www.europesays.com\/fr\/254249\/"},"modified":"2025-07-17T15:45:09","modified_gmt":"2025-07-17T15:45:09","slug":"francis-lalanne-recoit-un-portrait-dedicace-de-vladimir-poutine","status":"publish","type":"post","link":"https:\/\/www.europesays.com\/fr\/254249\/","title":{"rendered":"Francis Lalanne re\u00e7oit un portrait d\u00e9dicac\u00e9 de Vladimir Poutine"},"content":{"rendered":"<p>Le chanteur Francis Lalanne a re\u00e7u ce mercredi 16 juillet un portrait d\u00e9dicac\u00e9 du pr\u00e9sident russe a annonc\u00e9 l&rsquo;ambassade de Russie en France ce mercredi. Il a tenu \u00e0 plusieurs reprises des propos pro-russes dans le cadre de la guerre en Ukraine.<\/p>\n<p>Le chanteur Francis Lalanne a re\u00e7u ce mercredi 16 juillet un portrait d\u00e9dicac\u00e9 du pr\u00e9sident russe, Vladimir Poutine, a annonc\u00e9 l&rsquo;ambassade de Russie en France ce mercredi.<\/p>\n<blockquote class=\"embed embed_quote\"><p>\u00ab\u00a0Alexey Meshkov, ambassadeur de Russie en France, a remis, le 16 juillet 2025, en main propre au chanteur, \u00e9crivain et figure publique fran\u00e7aise Francis\u00a0Lalanne un portrait d\u00e9dicac\u00e9 du Pr\u00e9sident russe Vladimir Poutine\u00a0\u00bb, a d\u00e9clar\u00e9 l&rsquo;ambassade sur X.<\/p><\/blockquote>\n<p>Francis Lalanne a sorti ces derniers mois plusieurs chansons \u00e0 la gloire de la Russie. Dans l&rsquo;une d&rsquo;entre elles, il affirme que la Russie a envahi l&rsquo;Ukraine en 2022 \u00ab\u00a0pour secourir les Russes du Donbass\u00a0\u00bb et appelle \u00e0 la \u00ab\u00a0fraternit\u00e9\u00a0\u00bb avec le peuple russe.<\/p>\n<p>Il y a quelques semaines, le chanteur s&rsquo;est rendu en Russie pour assister au Jour de la Victoire, qui <a href=\"https:\/\/www.bfmtv.com\/international\/asie\/russie\/le-premier-ministre-slovaque-robert-fico-partage-sa-joie-d-avoir-assiste-au-defile-du-9-mai-en-russie-malgre-l-opposition-de-l-ue_AD-202505090842.html\" title=\"Le Premier ministre slovaque Robert Fico partage sa &quot;joie&quot; d&#039;avoir assist\u00e9 au d\u00e9fil\u00e9 du 9-Mai en Russie, malgr\u00e9 l&#039;opposition de l&#039;UE\" class=\"internal_link\" rel=\"nofollow noopener\" target=\"_blank\">c\u00e9l\u00e8bre le 9 mai la fin de la Seconde Guerre mondiale<\/a>. <a href=\"https:\/\/x.com\/OffLalanne\/status\/1925820493795336287\" target=\"_blank\" class=\"external_link\" rel=\"nofollow\">Sur X<\/a>, il a aussi affirm\u00e9 en mai, sans fondements, que \u00ab\u00a0l&rsquo;Ukraine n&rsquo;\u00e9tait qu&rsquo;une vaste op\u00e9ration psychologique et de blanchiment d&rsquo;argent\u00a0\u00bb et que \u00ab\u00a0Poutine avait en quelque sorte raison \u00e0 propos de toute cette histoire d&rsquo;Ukraine\u00a0\u00bb.<\/p>\n<p>Antivax et pro-RN<\/p>\n<p>Le chanteur a pris la parole sur de nombreux sujets politiques et soci\u00e9taux ces derni\u00e8res ann\u00e9es. Connu pour ses positions <a href=\"https:\/\/www.bfmtv.com\/tech\/actualites\/reseaux-sociaux\/cyberharcelement-pendant-le-covid-peines-de-prison-avec-sursis-pour-des-antivax_AD-202312200647.html\" title=\"Cyberharc\u00e8lement pendant le Covid: peines de prison avec sursis pour des &quot;antivax&quot;\" class=\"internal_link\" rel=\"nofollow noopener\" target=\"_blank\">antivax<\/a> ou en soutien aux Gilets jaunes, il avait appel\u00e9 \u00e0 voter pour la candidate du Rassemblement national, <a href=\"https:\/\/www.bfmtv.com\/politique\/front-national\/budget-marine-le-pen-croit-peu-a-une-non-censure-et-entend-bien-se-representer-en-cas-de-dissolution_AD-202507170208.html\" title=\"Budget: Marine Le Pen &quot;croit peu&quot; \u00e0 une non-censure, et entend bien se repr\u00e9senter en cas de dissolution\" class=\"internal_link\" rel=\"nofollow noopener\" target=\"_blank\">Marine Le Pen<\/a>, au second tour de la pr\u00e9sidentielle en 2022.<\/p>\n<p>Francis Lalanne <a href=\"https:\/\/www.bfmtv.com\/politique\/elections\/europeennes\/france-libre-dieudonne-et-francis-lalanne-font-liste-commune-pour-les-elections-europeennes_AD-202404180935.html\" title=\"&quot;France libre&quot;: Dieudonn\u00e9 et Francis Lalanne font liste commune pour les \u00e9lections europ\u00e9ennes\" class=\"internal_link\" rel=\"nofollow noopener\" target=\"_blank\">\u00e9tait t\u00eate de liste sous la banni\u00e8re \u00ab\u00a0France libre\u00a0\u00bb<\/a> aux \u00e9lections europ\u00e9ennes de 2024, au c\u00f4t\u00e9 du pol\u00e9miste multi-condamn\u00e9 Dieudonn\u00e9. Leur liste commune n&rsquo;avait pas d\u00e9pass\u00e9 les 0,04\u00a0%. Les deux hommes s&rsquo;\u00e9taient \u00e9galement port\u00e9s candidats aux \u00e9lections l\u00e9gislatives des 29 juin et 6 juillet en Guadeloupe. Francis Lalanne avait obtenu 173\u00a0votes dans la\u00a0troisi\u00e8me circonscription, soit 0,59\u00a0% des voix.<\/p>\n<p>Le chanteur <a href=\"https:\/\/www.bfmtv.com\/politique\/francis-lalanne-declare-ineligible-apres-avoir-oublie-de-deposer-ses-comptes-de-campagne-aux-europeennes_AD-202504180185.html\" title=\"Francis Lalanne d\u00e9clar\u00e9 in\u00e9ligible apr\u00e8s ne pas avoir d\u00e9pos\u00e9 ses comptes de campagne aux europ\u00e9ennes\" class=\"internal_link\" rel=\"nofollow noopener\" target=\"_blank\">a \u00e9t\u00e9 d\u00e9clar\u00e9 en avril in\u00e9ligible<\/a> pour une dur\u00e9e de 18 mois par le Conseil d&rsquo;\u00c9tat pour n&rsquo;avoir pas d\u00e9pos\u00e9 de compte de campagne alors qu&rsquo;il \u00e9tait candidat aux derni\u00e8res \u00e9lections europ\u00e9ennes.<\/p>\n","protected":false},"excerpt":{"rendered":"Le chanteur Francis Lalanne a re\u00e7u ce mercredi 16 juillet un portrait d\u00e9dicac\u00e9 du pr\u00e9sident russe a annonc\u00e9&hellip;\n","protected":false},"author":2,"featured_media":254250,"comment_status":"","ping_status":"","sticky":false,"template":"","format":"standard","meta":{"footnotes":""},"categories":[1591],"tags":[11,1887,12,1885,1886,132],"class_list":{"0":"post-254249","1":"post","2":"type-post","3":"status-publish","4":"format-standard","5":"has-post-thumbnail","7":"category-russie","8":"tag-actualites","9":"tag-federation-de-russie","10":"tag-news","11":"tag-russia","12":"tag-russian-federation","13":"tag-russie"},"share_on_mastodon":{"url":"https:\/\/pubeurope.com\/@fr\/114869352765836367","error":""},"_links":{"self":[{"href":"https:\/\/www.europesays.com\/fr\/wp-json\/wp\/v2\/posts\/254249","targetHints":{"allow":["GET"]}}],"collection":[{"href":"https:\/\/www.europesays.com\/fr\/wp-json\/wp\/v2\/posts"}],"about":[{"href":"https:\/\/www.europesays.com\/fr\/wp-json\/wp\/v2\/types\/post"}],"author":[{"embeddable":true,"href":"https:\/\/www.europesays.com\/fr\/wp-json\/wp\/v2\/users\/2"}],"replies":[{"embeddable":true,"href":"https:\/\/www.europesays.com\/fr\/wp-json\/wp\/v2\/comments?post=254249"}],"version-history":[{"count":0,"href":"https:\/\/www.europesays.com\/fr\/wp-json\/wp\/v2\/posts\/254249\/revisions"}],"wp:featuredmedia":[{"embeddable":true,"href":"https:\/\/www.europesays.com\/fr\/wp-json\/wp\/v2\/media\/254250"}],"wp:attachment":[{"href":"https:\/\/www.europesays.com\/fr\/wp-json\/wp\/v2\/media?parent=254249"}],"wp:term":[{"taxonomy":"category","embeddable":true,"href":"https:\/\/www.europesays.com\/fr\/wp-json\/wp\/v2\/categories?post=254249"},{"taxonomy":"post_tag","embeddable":true,"href":"https:\/\/www.europesays.com\/fr\/wp-json\/wp\/v2\/tags?post=254249"}],"curies":[{"name":"wp","href":"https:\/\/api.w.org\/{rel}","templated":true}]}}