{"id":254257,"date":"2025-07-17T15:49:12","date_gmt":"2025-07-17T15:49:12","guid":{"rendered":"https:\/\/www.europesays.com\/fr\/254257\/"},"modified":"2025-07-17T15:49:12","modified_gmt":"2025-07-17T15:49:12","slug":"en-image-vesoul-les-retrouvailles-des-anciens-des-forces-francaises-en-allemagne","status":"publish","type":"post","link":"https:\/\/www.europesays.com\/fr\/254257\/","title":{"rendered":"En image | Vesoul. Les retrouvailles des anciens des forces fran\u00e7aises en Allemagne"},"content":{"rendered":"<p>Les Anciens des forces fran\u00e7aises en Allemagne (AFFA) de la 197e section se sont r\u00e9unis \u00e0 la mairie de Vesoul, au d\u00e9but de l\u2019\u00e9t\u00e9, pour leur assembl\u00e9e g\u00e9n\u00e9rale. Puis, avec dix porte-drapeaux, ils se sont rendus place du 11e-Chasseurs pour d\u00e9poser une gerbe devant le monument aux morts. L\u2019association compte 61 adh\u00e9rents. \u00ab\u00a0L\u2019objectif est de soutenir les anciens qui ont occup\u00e9 l\u2019Allemagne apr\u00e8s-guerre jusqu\u2019aux ann\u00e9es 90\u00a0\u00bb, relate Serge Bresson.<\/p>\n","protected":false},"excerpt":{"rendered":"Les Anciens des forces fran\u00e7aises en Allemagne (AFFA) de la 197e section se sont r\u00e9unis \u00e0 la mairie&hellip;\n","protected":false},"author":2,"featured_media":254258,"comment_status":"","ping_status":"","sticky":false,"template":"","format":"standard","meta":{"footnotes":""},"categories":[1587],"tags":[11,672,1804,1805,1803,8698,1777,674,1801,12,1802,104,3673,8697,1631],"class_list":{"0":"post-254257","1":"post","2":"type-post","3":"status-publish","4":"format-standard","5":"has-post-thumbnail","7":"category-allemagne","8":"tag-actualites","9":"tag-allemagne","10":"tag-bundesrepublik-deutschland","11":"tag-de","12":"tag-deutschland","13":"tag-edition-vesoul-haute-saone","14":"tag-eu","15":"tag-europe","16":"tag-germany","17":"tag-news","18":"tag-republique-federale-dallemagne","19":"tag-societe","20":"tag-vesoul","21":"tag-vesoul-ville-70a","22":"tag-vie-associative"},"share_on_mastodon":{"url":"https:\/\/pubeurope.com\/@fr\/114869368483021398","error":""},"_links":{"self":[{"href":"https:\/\/www.europesays.com\/fr\/wp-json\/wp\/v2\/posts\/254257","targetHints":{"allow":["GET"]}}],"collection":[{"href":"https:\/\/www.europesays.com\/fr\/wp-json\/wp\/v2\/posts"}],"about":[{"href":"https:\/\/www.europesays.com\/fr\/wp-json\/wp\/v2\/types\/post"}],"author":[{"embeddable":true,"href":"https:\/\/www.europesays.com\/fr\/wp-json\/wp\/v2\/users\/2"}],"replies":[{"embeddable":true,"href":"https:\/\/www.europesays.com\/fr\/wp-json\/wp\/v2\/comments?post=254257"}],"version-history":[{"count":0,"href":"https:\/\/www.europesays.com\/fr\/wp-json\/wp\/v2\/posts\/254257\/revisions"}],"wp:featuredmedia":[{"embeddable":true,"href":"https:\/\/www.europesays.com\/fr\/wp-json\/wp\/v2\/media\/254258"}],"wp:attachment":[{"href":"https:\/\/www.europesays.com\/fr\/wp-json\/wp\/v2\/media?parent=254257"}],"wp:term":[{"taxonomy":"category","embeddable":true,"href":"https:\/\/www.europesays.com\/fr\/wp-json\/wp\/v2\/categories?post=254257"},{"taxonomy":"post_tag","embeddable":true,"href":"https:\/\/www.europesays.com\/fr\/wp-json\/wp\/v2\/tags?post=254257"}],"curies":[{"name":"wp","href":"https:\/\/api.w.org\/{rel}","templated":true}]}}