{"id":254265,"date":"2025-07-17T15:53:10","date_gmt":"2025-07-17T15:53:10","guid":{"rendered":"https:\/\/www.europesays.com\/fr\/254265\/"},"modified":"2025-07-17T15:53:10","modified_gmt":"2025-07-17T15:53:10","slug":"boris-vallaud-repond-aux-rumeurs","status":"publish","type":"post","link":"https:\/\/www.europesays.com\/fr\/254265\/","title":{"rendered":"Boris Vallaud r\u00e9pond aux rumeurs"},"content":{"rendered":"<p class=\"article-p mdl\">Le compte rendu du Conseil des ministres du mercredi 16 juillet a fait \u00e9tat de la nomination de Najat Vallaud-Belkacem en tant que conseiller ma\u00eetre \u00e0 la Cour des comptes. Cette officialisation a suivi la publication d&rsquo;un article du Canard encha\u00een\u00e9 affirmant que Fran\u00e7ois Bayrou avait soutenu cette nomination en l&rsquo;\u00e9change d&rsquo;une promesse de non-censure.\u00a0<\/p>\n<p class=\"article-p mdl\">Le Premier ministre aurait appuy\u00e9 la candidature de Najat Vallaud-Belkacem en \u00e9change de l&rsquo;assurance que le pr\u00e9sident du groupe socialiste \u00e0 l&rsquo;Assembl\u00e9e nationale, <strong>Boris Vallaud,<\/strong> mari de l&rsquo;ancienne ministre, <strong>abandonne l&rsquo;id\u00e9e d&rsquo;une<\/strong>\u00a0<a class=\"link\" href=\"https:\/\/www.rtl.fr\/actu\/politique\/en-direct-budget-2026-suivez-les-annonces-de-francois-bayrou-7900523619\" target=\"_blank\" rel=\"noopener\">censure du gouvernement<\/a>.\u00a0<\/p>\n<p class=\"article-p mdl\">Boris Vallaud a r\u00e9pondu \u00e0 ces accusations dans un long message sur X, jeudi 17 juillet. \u00ab\u00a0Certains profitent de l&rsquo;occasion pour faire beaucoup de mal au d\u00e9bat public\u00a0\u00bb, a-t-il \u00e9crit, ajoutant\u00a0<strong>\u00ab\u00a0il n\u2019y a et il n\u2019y aura jamais d\u2019accord de ce genre\u00a0\u00bb.\u00a0<\/strong><\/p>\n<p class=\"article-p mdl\">\u00ab\u00a0Najat n\u2019a pas besoin d\u2019\u00e9change de bons proc\u00e9d\u00e9s ni &lsquo;d&rsquo;accord secret&rsquo; pour m\u00e9riter d&rsquo;\u00eatre nomm\u00e9e quand elle r\u00e9ussit les \u00e9tapes d&rsquo;un recrutement devant une commission ind\u00e9pendante. <strong>Rien \u00e0 voir avec un pr\u00e9tendu choix du\u00a0<\/strong><a class=\"link\" href=\"https:\/\/www.rtl.fr\/actu\/economie-consommation\/francois-bayrou-tout-savoir-sur-sa-proposition-de-renoncer-aux-conges-payes-7900524201\" target=\"_blank\" rel=\"noopener\"><strong>Premier ministre<\/strong><\/a>\u00ab\u00a0, a assur\u00e9 le pr\u00e9sident du groupe socialiste \u00e0 l&rsquo;Assembl\u00e9e nationale.\u00a0<\/p>\n<p>            Pierre Moscovici d\u00e9fend cette nomination<\/p>\n<p class=\"article-p mdl\">Boris Vallaud a ajout\u00e9 que le gouvernement de Fran\u00e7ois Bayrou n&rsquo;\u00e9tait pas immunis\u00e9 contre une motion de censure. \u00ab\u00a0Les <strong>annonces de Fran\u00e7ois Bayrou sont brutales<\/strong>, injustes et inacceptables. S\u2019il ne change pas de base de discussion budg\u00e9taire,<strong> il sera censur\u00e9, comme Michel Barnier\u00a0\u00bb<\/strong>, a-t-il affirm\u00e9.\u00a0<\/p>\n<p class=\"article-p mdl\">Plus t\u00f4t dans la journ\u00e9e, le pr\u00e9sident de la Cour des comptes,\u00a0Pierre Moscovici, a jug\u00e9 que la <strong>proc\u00e9dure d&rsquo;arriv\u00e9e <\/strong>de\u00a0<a class=\"link\" href=\"https:\/\/www.rtl.fr\/actu\/debats-societe\/rationner-internet-pourquoi-najat-vallaud-belkacem-veut-elle-limiter-les-datas-quotidiennes-7900364899\" target=\"_blank\" rel=\"noopener\">Najat Vallaud-Belkacem<\/a>\u00a0\u00e0 la Cour des comptes <strong>\u00e9tait \u00ab\u00a0parfaitement objective, parfaitement collective\u00a0\u00bb<\/strong>. Le d\u00e9put\u00e9 du Rassemblement national Jean-Philippe Tanguy avait menac\u00e9 mercredi d&rsquo;attaquer cette nomination au Conseil d&rsquo;\u00c9tat, critiquant \u00ab\u00a0la R\u00e9publique des copines et des coquins\u00a0\u00bb.<\/p>\n<p class=\"article-p mdl\">\u00ab\u00a0Arr\u00eatons avec la R\u00e9publique des copains et reconnaissons de temps en temps que <strong>le m\u00e9rite peut \u00eatre divers\u00a0\u00bb<\/strong>, a r\u00e9pondu\u00a0<a class=\"link\" href=\"https:\/\/www.rtl.fr\/actu\/politique\/deficit-nous-avons-perdu-le-controle-sur-nos-finances-publiques-affirme-pierre-moscovici-sur-rtl-7900508994\" target=\"_blank\" rel=\"noopener\">Pierre Moscovici<\/a>\u00a0qui s&rsquo;est dit \u00ab\u00a0tr\u00e8s choqu\u00e9 par ces commentaires\u00a0\u00bb. \u00ab\u00a0Elle a pass\u00e9 une <strong>proc\u00e9dure de recrutement. Appelons \u00e7a un concours\u00a0\u00bb,<\/strong> a-t-il pr\u00e9cis\u00e9.<\/p>\n<p class=\"article-p mdl\">Les dossiers de 150 candidats ont \u00e9t\u00e9 d\u00e9pos\u00e9s et 28 ont \u00e9t\u00e9 auditionn\u00e9s par la<strong> commission d&rsquo;int\u00e9gration.<\/strong> Celle-ci est pr\u00e9sid\u00e9e par Pierre Moscovici, mais comporte <strong>six membres ind\u00e9pendants<\/strong> qui ne sont pas nomm\u00e9s par lui. \u00ab\u00a0Je suis sorti au moment de la d\u00e9lib\u00e9ration. Je n&rsquo;ai pas voulu (prendre part \u00e0 la d\u00e9cision, NDLR) parce que justement, j&rsquo;avais \u00e9t\u00e9 son coll\u00e8gue, parce que je la connais\u00a0\u00bb, a conclu le pr\u00e9sident de la Cour des comptes.\u00a0<\/p>\n<p>    La r\u00e9daction vous recommande<\/p>\n<p class=\"s-newsletter__title\">\n                L\u2019actualit\u00e9 par la r\u00e9daction de RTL dans votre bo\u00eete mail.\n            <\/p>\n<p class=\"s-newsletter__subtitle\">\n                Gr\u00e2ce \u00e0 votre compte RTL abonnez-vous \u00e0 la newsletter RTL info pour suivre toute l&rsquo;actualit\u00e9 au quotidien\n            <\/p>\n<p>\n                                    Lire la suite\n                                <\/p>\n","protected":false},"excerpt":{"rendered":"Le compte rendu du Conseil des ministres du mercredi 16 juillet a fait \u00e9tat de la nomination de&hellip;\n","protected":false},"author":2,"featured_media":254266,"comment_status":"","ping_status":"","sticky":false,"template":"","format":"standard","meta":{"footnotes":""},"categories":[2],"tags":[11,15721,107,1011,27,32318,12,25848,316,25],"class_list":{"0":"post-254265","1":"post","2":"type-post","3":"status-publish","4":"format-standard","5":"has-post-thumbnail","7":"category-actualites","8":"tag-actualites","9":"tag-cour-des-comptes","10":"tag-fil-info","11":"tag-fr","12":"tag-france","13":"tag-najat-vallaud-belkacem","14":"tag-news","15":"tag-pierre-moscovici","16":"tag-politique","17":"tag-republique-francaise"},"share_on_mastodon":{"url":"https:\/\/pubeurope.com\/@fr\/114869384204660254","error":""},"_links":{"self":[{"href":"https:\/\/www.europesays.com\/fr\/wp-json\/wp\/v2\/posts\/254265","targetHints":{"allow":["GET"]}}],"collection":[{"href":"https:\/\/www.europesays.com\/fr\/wp-json\/wp\/v2\/posts"}],"about":[{"href":"https:\/\/www.europesays.com\/fr\/wp-json\/wp\/v2\/types\/post"}],"author":[{"embeddable":true,"href":"https:\/\/www.europesays.com\/fr\/wp-json\/wp\/v2\/users\/2"}],"replies":[{"embeddable":true,"href":"https:\/\/www.europesays.com\/fr\/wp-json\/wp\/v2\/comments?post=254265"}],"version-history":[{"count":0,"href":"https:\/\/www.europesays.com\/fr\/wp-json\/wp\/v2\/posts\/254265\/revisions"}],"wp:featuredmedia":[{"embeddable":true,"href":"https:\/\/www.europesays.com\/fr\/wp-json\/wp\/v2\/media\/254266"}],"wp:attachment":[{"href":"https:\/\/www.europesays.com\/fr\/wp-json\/wp\/v2\/media?parent=254265"}],"wp:term":[{"taxonomy":"category","embeddable":true,"href":"https:\/\/www.europesays.com\/fr\/wp-json\/wp\/v2\/categories?post=254265"},{"taxonomy":"post_tag","embeddable":true,"href":"https:\/\/www.europesays.com\/fr\/wp-json\/wp\/v2\/tags?post=254265"}],"curies":[{"name":"wp","href":"https:\/\/api.w.org\/{rel}","templated":true}]}}