{"id":254273,"date":"2025-07-17T15:58:10","date_gmt":"2025-07-17T15:58:10","guid":{"rendered":"https:\/\/www.europesays.com\/fr\/254273\/"},"modified":"2025-07-17T15:58:10","modified_gmt":"2025-07-17T15:58:10","slug":"atp-andrea-petkovic-jetais-pour-jannik-sinner-contre-alcaraz-en-finale-de-wimbledon-car-javais-peur-quune-nouvelle-victoire-de-carlos-ne-transforme-la-rivalite-en-une-rivalite","status":"publish","type":"post","link":"https:\/\/www.europesays.com\/fr\/254273\/","title":{"rendered":"ATP > Andrea Petkovic : \u00ab\u00a0J&rsquo;\u00e9tais pour Jannik Sinner contre Alcaraz en finale de Wimbledon car j&rsquo;avais peur qu&rsquo;une nouvelle victoire de Carlos ne transforme la rivalit\u00e9 en une \u00ab rivalit\u00e9 \u00bb\u00a0\u00bb"},"content":{"rendered":"<p>Ancienne 9e joueuse mondiale et spec\u00adta\u00adtrice atten\u00adtive de cette \u00e9dition 2025 de Wimbledon, Andrea Petkovic a expliqu\u00e9 pour\u00adquoi elle \u00e9tait pour Jannik Sinner contre Carlos Alcaraz en finale avant de rendre un tr\u00e8s bel hommage aux deux hommes.\u00a0<\/p>\n<p><strong>\u00ab\u202fLe plus diffi\u00adcile dans cette riva\u00adlit\u00e9 \u00e0 \u00ab\u202fSinncaraz\u202f\u00bb, c\u2019est \u00e0 quel point ces deux jeunes hommes sont atta\u00adchants. Bien que diff\u00e9\u00adrents en appa\u00adrence, l\u2019un extra\u00adverti et l\u2019autre intro\u00adverti, l\u2019un cr\u00e9atif et l\u2019autre m\u00e9ca\u00adnique, Jannik et Carlos sont au fond des gens humbles qui aiment leur famille et s\u2019en\u00adtourent des meilleures personnes possibles. Et c\u2019est tout. J\u2019\u00e9tais pour Jannik cette fois\u2010ci, car j\u2019avais peur qu\u2019une nouvelle victoire de Carlos ne trans\u00adforme la riva\u00adlit\u00e9 en une \u00ab\u202friva\u00adlit\u00e9\u202f\u00bb. J\u2019\u00e9tais pour le tennis. Mais une fois le match termin\u00e9, les bouchons de cham\u00adpagne ramass\u00e9s et les verres vid\u00e9s, apr\u00e8s les danses et les embras\u00adsades, j\u2019ai r\u00e9alis\u00e9 que tant qu\u2019on les a tous les deux \u00e0 nos c\u00f4t\u00e9s, le tennis gagne toujours\u202f\u00bb<\/strong>, a \u00e9crit l\u2019ex\u2010joueuse alle\u00admande sur <a href=\"https:\/\/andreapetkovic.substack.com\/p\/wimbledon-ii-3b8\" data-wpel-link=\"external\" target=\"_blank\" rel=\"nofollow external noopener\">son blog<\/a>. <\/p>\n<p class=\"post-published-date\" style=\"color: silver; font-size: 75%; text-align: left;\">Publi\u00e9 le jeudi 17 juillet 2025 \u00e0 16:43<\/p>\n","protected":false},"excerpt":{"rendered":"Ancienne 9e joueuse mondiale et spec\u00adta\u00adtrice atten\u00adtive de cette \u00e9dition 2025 de Wimbledon, Andrea Petkovic a expliqu\u00e9 pour\u00adquoi&hellip;\n","protected":false},"author":2,"featured_media":254274,"comment_status":"","ping_status":"","sticky":false,"template":"","format":"standard","meta":{"footnotes":""},"categories":[1415],"tags":[1744,1011,27,2127,60,1467],"class_list":{"0":"post-254273","1":"post","2":"type-post","3":"status-publish","4":"format-standard","5":"has-post-thumbnail","7":"category-tennis","8":"tag-alcaraz","9":"tag-fr","10":"tag-france","11":"tag-sinner","12":"tag-sports","13":"tag-tennis"},"share_on_mastodon":{"url":"https:\/\/pubeurope.com\/@fr\/114869403814795735","error":""},"_links":{"self":[{"href":"https:\/\/www.europesays.com\/fr\/wp-json\/wp\/v2\/posts\/254273","targetHints":{"allow":["GET"]}}],"collection":[{"href":"https:\/\/www.europesays.com\/fr\/wp-json\/wp\/v2\/posts"}],"about":[{"href":"https:\/\/www.europesays.com\/fr\/wp-json\/wp\/v2\/types\/post"}],"author":[{"embeddable":true,"href":"https:\/\/www.europesays.com\/fr\/wp-json\/wp\/v2\/users\/2"}],"replies":[{"embeddable":true,"href":"https:\/\/www.europesays.com\/fr\/wp-json\/wp\/v2\/comments?post=254273"}],"version-history":[{"count":0,"href":"https:\/\/www.europesays.com\/fr\/wp-json\/wp\/v2\/posts\/254273\/revisions"}],"wp:featuredmedia":[{"embeddable":true,"href":"https:\/\/www.europesays.com\/fr\/wp-json\/wp\/v2\/media\/254274"}],"wp:attachment":[{"href":"https:\/\/www.europesays.com\/fr\/wp-json\/wp\/v2\/media?parent=254273"}],"wp:term":[{"taxonomy":"category","embeddable":true,"href":"https:\/\/www.europesays.com\/fr\/wp-json\/wp\/v2\/categories?post=254273"},{"taxonomy":"post_tag","embeddable":true,"href":"https:\/\/www.europesays.com\/fr\/wp-json\/wp\/v2\/tags?post=254273"}],"curies":[{"name":"wp","href":"https:\/\/api.w.org\/{rel}","templated":true}]}}