{"id":254275,"date":"2025-07-17T16:00:12","date_gmt":"2025-07-17T16:00:12","guid":{"rendered":"https:\/\/www.europesays.com\/fr\/254275\/"},"modified":"2025-07-17T16:00:12","modified_gmt":"2025-07-17T16:00:12","slug":"motogp-gp-de-republique-tcheque-le-champion-du-monde-2024-jorge-martin-annonce-quil-restera-chez-aprilia-en-2026","status":"publish","type":"post","link":"https:\/\/www.europesays.com\/fr\/254275\/","title":{"rendered":"MotoGP &#8211; GP de R\u00e9publique tch\u00e8que &#8211; Le champion du monde 2024 Jorge Martin annonce qu&rsquo;il restera chez Aprilia en 2026"},"content":{"rendered":"<p><img decoding=\"async\" class=\"w-full object-contain\" style=\"aspect-ratio:150 \/ 100;opacity:1\" alt=\"MotoGP - GP de R\u00e9publique tch\u00e8que - Le champion du monde 2024 Jorge Martin annonce qu'il restera chez Aprilia en 2026\" width=\"512\" height=\"341\" fetchpriority=\"high\" src=\"https:\/\/www.europesays.com\/fr\/wp-content\/uploads\/2025\/07\/FMLUXAWUUFHTTMPAYOQECTOJQM.jpg\"  \/><\/p>\n<p class=\"ap-StoryElement ap-StoryElement--mb ap-StoryText\">\u00ab\u00a0Je peux annoncer que je resterai avec Aprilia en 2026\u00a0\u00bb, a d\u00e9clar\u00e9 Martin lors d&rsquo;une conf\u00e9rence de presse avant le Grand Prix de la R\u00e9publique tch\u00e8que, 12e des 22 \u00e9preuves du championnat du monde, qui se dispute ce week-end \u00e0 Brno.<\/p>\n<p class=\"ap-StoryElement ap-StoryElement--mb ap-StoryText\">Martin a rejoint en d\u00e9but de saison Aprilia apr\u00e8s avoir d\u00e9croch\u00e9 le titre 2024 au guidon d&rsquo;une Ducati-Pramac.<\/p>\n<p class=\"ap-StoryElement ap-StoryElement--mb ap-StoryText\">Il y retrouve la comp\u00e9tition apr\u00e8s une longue convalescence entam\u00e9e \u00e0 la suite d&rsquo;une blessure survenue \u00e0 l&rsquo;entra\u00eenement avant le d\u00e9but de la saison. Cet incident l&rsquo;avait emp\u00each\u00e9 de participer aux trois premiers Grands Prix puis, lors de son retour au Qatar en avril, il s&rsquo;\u00e9tait de nouveau bless\u00e9 avoir \u00e9t\u00e9 percut\u00e9 en chutant.<\/p>\n","protected":false},"excerpt":{"rendered":"\u00ab\u00a0Je peux annoncer que je resterai avec Aprilia en 2026\u00a0\u00bb, a d\u00e9clar\u00e9 Martin lors d&rsquo;une conf\u00e9rence de presse&hellip;\n","protected":false},"author":2,"featured_media":2837,"comment_status":"","ping_status":"","sticky":false,"template":"","format":"standard","meta":{"footnotes":""},"categories":[1413],"tags":[123,1011,27,1457,1456,35295,1458,60],"class_list":{"0":"post-254275","1":"post","2":"type-post","3":"status-publish","4":"format-standard","5":"has-post-thumbnail","7":"category-moto","8":"tag-espagne","9":"tag-fr","10":"tag-france","11":"tag-moto","12":"tag-motocycle","13":"tag-motocyclisme","14":"tag-motogp","15":"tag-sports"},"share_on_mastodon":{"url":"https:\/\/pubeurope.com\/@fr\/114869411912740582","error":""},"_links":{"self":[{"href":"https:\/\/www.europesays.com\/fr\/wp-json\/wp\/v2\/posts\/254275","targetHints":{"allow":["GET"]}}],"collection":[{"href":"https:\/\/www.europesays.com\/fr\/wp-json\/wp\/v2\/posts"}],"about":[{"href":"https:\/\/www.europesays.com\/fr\/wp-json\/wp\/v2\/types\/post"}],"author":[{"embeddable":true,"href":"https:\/\/www.europesays.com\/fr\/wp-json\/wp\/v2\/users\/2"}],"replies":[{"embeddable":true,"href":"https:\/\/www.europesays.com\/fr\/wp-json\/wp\/v2\/comments?post=254275"}],"version-history":[{"count":0,"href":"https:\/\/www.europesays.com\/fr\/wp-json\/wp\/v2\/posts\/254275\/revisions"}],"wp:featuredmedia":[{"embeddable":true,"href":"https:\/\/www.europesays.com\/fr\/wp-json\/wp\/v2\/media\/2837"}],"wp:attachment":[{"href":"https:\/\/www.europesays.com\/fr\/wp-json\/wp\/v2\/media?parent=254275"}],"wp:term":[{"taxonomy":"category","embeddable":true,"href":"https:\/\/www.europesays.com\/fr\/wp-json\/wp\/v2\/categories?post=254275"},{"taxonomy":"post_tag","embeddable":true,"href":"https:\/\/www.europesays.com\/fr\/wp-json\/wp\/v2\/tags?post=254275"}],"curies":[{"name":"wp","href":"https:\/\/api.w.org\/{rel}","templated":true}]}}