{"id":254276,"date":"2025-07-17T16:01:11","date_gmt":"2025-07-17T16:01:11","guid":{"rendered":"https:\/\/www.europesays.com\/fr\/254276\/"},"modified":"2025-07-17T16:01:11","modified_gmt":"2025-07-17T16:01:11","slug":"franz-hermann-disposera-de-sa-propre-miniature","status":"publish","type":"post","link":"https:\/\/www.europesays.com\/fr\/254276\/","title":{"rendered":"Franz Hermann disposera de sa propre miniature"},"content":{"rendered":"<p>Derri\u00e8re ce pseudonyme, on retrouvait \u00e9videmment le quadruple champion du monde de <a href=\"https:\/\/www.autohebdo.fr\/actualites\/f1\" data-internallinksmanager029f6b8e52c=\"1\" title=\"F1\" rel=\"nofollow noopener\" target=\"_blank\">Formule 1<\/a> <a href=\"https:\/\/www.autohebdo.fr\/pilote\/f1\/max-verstappen\" data-internallinksmanager029f6b8e52c=\"2\" title=\"Max Verstappen\" rel=\"nofollow noopener\" target=\"_blank\">Max Verstappen<\/a>, qui voulait visiblement rouler incognito sur le mythique trac\u00e9 de la Nordschleife, au N\u00fcrburgring. \u00c0 moins que le N\u00e9erlandais ne tentait l\u00e0 le coup marketing, au vu des nombreuses initiatives qu\u2019il a d\u00e9velopp\u00e9es autour du nom de ce pilote inconnu mais diablement rapide !<\/p>\n<p>La derni\u00e8re en date est disponible dans sa propre boutique en ligne, puisqu\u2019en collaboration avec Spark et LookSmart, des versions 1\/43 et 1\/18 sont d\u00e9sormais en vente, afin de garder une trace d\u2019une s\u00e9ance d\u2019essais qui aura finalement fait le tour du monde. La livr\u00e9e de l\u2019\u00e9curie Verstappen.com Racing y est \u00e9videmment appos\u00e9e, de m\u00eame que le nom de Franz Hermann au-dessus de la porti\u00e8re de gauche.<\/p>\n<p>Plus tard dans l\u2019ann\u00e9e, alors que ses petits camarades \u00e9taient en train d\u2019assister \u00e0 l\u2019avant-premi\u00e8re du film F1 avec Brad Pitt \u00e0 New York, Verstappen alignait les tours au volant cette fois d\u2019une <a href=\"https:\/\/www.autohebdo.fr\/actualites\/ecurie\/aston-martin\" data-internallinksmanager029f6b8e52c=\"77\" title=\"Ecurie Aston Martin F1 Team\" rel=\"nofollow noopener\" target=\"_blank\">Aston Martin<\/a> sur le circuit de Spa-Francorchamps, en pr\u00e9paration des 24 Heures de Spa. Une \u00e9preuve finalement remport\u00e9e par l\u2019\u00e9curie de Max Verstappen en cat\u00e9gorie Gold Cup. Pas question cette fois d\u2019utiliser le sobriquet \u00ab Franz Hermann \u00bb, Verstappen avait roul\u00e9 \u00e0 visage d\u00e9couvert, si l\u2019on peut dire.<\/p>\n<p>Nul doute qu\u2019au vu de l\u2019engouement suscit\u00e9 par les essais de Verstappen en GT3, la miniature de Franz Hermann risque tr\u00e8s probablement de trouver preneur assez rapidement ! Comptez tout de m\u00eame 114,95 \u20ac pour la version 1\/43 et 269,95 \u20ac pour la version 1\/18. Business is business mais comme on dit, quand on aime, on ne compte pas\u2026<\/p>\n<p><strong>\u00c0 LIRE AUSSI &gt; <a href=\"https:\/\/www.autohebdo.fr\/actualites\/gt-tourisme\/autres\/gt\/sous-un-pseudonyme-max-verstappen-a-lessai-dans-une-ferrari-sur-la-nordschleife.html\" target=\"_blank\" rel=\"noopener nofollow\">Sous un pseudonyme, Max Verstappen \u00e0 l\u2019essai dans une Ferrari sur la Nordschleife<\/a><\/strong><\/p>\n","protected":false},"excerpt":{"rendered":"Derri\u00e8re ce pseudonyme, on retrouvait \u00e9videmment le quadruple champion du monde de Formule 1 Max Verstappen, qui voulait&hellip;\n","protected":false},"author":2,"featured_media":254277,"comment_status":"","ping_status":"","sticky":false,"template":"","format":"standard","meta":{"footnotes":""},"categories":[1412],"tags":[1451,1452,1453,1454,1455,1011,27,39458,2236,60],"class_list":{"0":"post-254276","1":"post","2":"type-post","3":"status-publish","4":"format-standard","5":"has-post-thumbnail","7":"category-f1","8":"tag-f1","9":"tag-formula-1","10":"tag-formula1","11":"tag-formule-1","12":"tag-formule1","13":"tag-fr","14":"tag-france","15":"tag-franz-hermann","16":"tag-max-verstappen","17":"tag-sports"},"share_on_mastodon":{"url":"https:\/\/pubeurope.com\/@fr\/114869415639105282","error":""},"_links":{"self":[{"href":"https:\/\/www.europesays.com\/fr\/wp-json\/wp\/v2\/posts\/254276","targetHints":{"allow":["GET"]}}],"collection":[{"href":"https:\/\/www.europesays.com\/fr\/wp-json\/wp\/v2\/posts"}],"about":[{"href":"https:\/\/www.europesays.com\/fr\/wp-json\/wp\/v2\/types\/post"}],"author":[{"embeddable":true,"href":"https:\/\/www.europesays.com\/fr\/wp-json\/wp\/v2\/users\/2"}],"replies":[{"embeddable":true,"href":"https:\/\/www.europesays.com\/fr\/wp-json\/wp\/v2\/comments?post=254276"}],"version-history":[{"count":0,"href":"https:\/\/www.europesays.com\/fr\/wp-json\/wp\/v2\/posts\/254276\/revisions"}],"wp:featuredmedia":[{"embeddable":true,"href":"https:\/\/www.europesays.com\/fr\/wp-json\/wp\/v2\/media\/254277"}],"wp:attachment":[{"href":"https:\/\/www.europesays.com\/fr\/wp-json\/wp\/v2\/media?parent=254276"}],"wp:term":[{"taxonomy":"category","embeddable":true,"href":"https:\/\/www.europesays.com\/fr\/wp-json\/wp\/v2\/categories?post=254276"},{"taxonomy":"post_tag","embeddable":true,"href":"https:\/\/www.europesays.com\/fr\/wp-json\/wp\/v2\/tags?post=254276"}],"curies":[{"name":"wp","href":"https:\/\/api.w.org\/{rel}","templated":true}]}}